{"id":10225,"date":"2024-07-23T16:14:35","date_gmt":"2024-07-23T14:14:35","guid":{"rendered":"https:\/\/regalaunninot.com\/?p=10225"},"modified":"2024-07-23T16:31:25","modified_gmt":"2024-07-23T14:31:25","slug":"ninot-director-ventas-siemens-regalo-jublicacion-regala-un-ninot","status":"publish","type":"post","link":"https:\/\/regalaunninot.com\/es\/ninot-director-ventas-siemens-regalo-jublicacion-regala-un-ninot\/","title":{"rendered":"Siemens le regala un ninot a su Director Comercial de Ventas"},"content":{"rendered":"\n<p>Haber estado en una empresa 40 a\u00f1os, es admirable. <strong>Ram\u00f3n Albors Bonafont<\/strong>, Director Comercial de Ventas de Siemens, cumple 40 a\u00f1os en la empresa, y este a\u00f1o ser\u00e1 su \u00faltimo al lado de su equipo porque se jubila. <strong>Como homenaje y agradecimiento por todos estos a\u00f1os, Siemens le ha regalado un ninot a su Director Comercial de ventas<\/strong>. Un regalo de jubilaci\u00f3n \u00fanico y personalizado que ha sacado la sonrisa de Ram\u00f3n Albors.\u00a0<\/p>\n\n\n\n<p>Poca gente llega a tener una carrera tan extensa en la misma empresa, y llegar a retirarse como director de su departamento. Es una ocasi\u00f3n especial, y para una ocasi\u00f3n as\u00ed, el regalo debe de ser tambi\u00e9n especial y \u00fanico. <strong>Por eso contactaron con <\/strong><a href=\"https:\/\/regalaunninot.com\/es\/\" target=\"_blank\" rel=\"noreferrer noopener\"><strong>Regala Un Ninot<\/strong><\/a><strong>, para regalarle un ninot a su director y sorprenderle<\/strong>. Un regalo personalizado, que le recuerde su estancia en la empresa y sea un recuerdo inolvidable.&nbsp;<\/p>\n\n\n\n<h2 class=\"wp-block-heading\" id=\"h-el-diseno-que-pidio-siemens-para-el-ninot-a-su-director\">El dise\u00f1o que pidi\u00f3 Siemens para el ninot a su director<\/h2>\n\n\n\n<p><\/p>\n\n\n\n<p><strong>Ram\u00f3n Albors es el Director Comercial de Ventas de Siemens en el departamento de Digital Industries, por lo que el ninot deb\u00eda de representar su puesto de trabajo<\/strong>. Es un <strong>ninot a su director<\/strong> como homenaje, no solo ten\u00eda que ser un ninot suyo, ten\u00eda que tener una historia. Y la narrativa del regalo est\u00e1 representada en el ipad que sostiene con una mano, adem\u00e1s de en la vestimenta del ninot y el malet\u00edn.<\/p>\n\n\n\n<figure class=\"wp-block-image size-large\"><img loading=\"lazy\" decoding=\"async\" width=\"1024\" height=\"1024\" src=\"https:\/\/regalaunninot.com\/wp-content\/uploads\/2024\/07\/insta2-ninot-siemens-2-1024x1024.jpg\" alt=\"ninot-director-ventas-siemens-regalo-jublicaci\u00f3n-regala-un-ninot\" class=\"wp-image-10226\"\/><\/figure>\n\n\n\n<p><\/p>\n\n\n\n<p>Al contrario, que los ninots anteriores que hemos realizado para empresas como <a href=\"https:\/\/regalaunninot.com\/es\/regalo-empresa-directivo-flywire-ninot-personaliza-regala-un-ninot\/\" target=\"_blank\" rel=\"noreferrer noopener\">Flywire, que encarg\u00f3 dos ninots<\/a>, o <a href=\"https:\/\/regalaunninot.com\/es\/regalo-especial-empresa-ninot-personalizado-powerco-regala-un-ninot\/\" target=\"_blank\" rel=\"noreferrer noopener\">PowerCo<\/a>, este ninot lleva una vestimenta especial.<strong> Habitualmente se visten de traje, pero como <a href=\"https:\/\/regalaunninot.com\/es\/ninot-para-directivo-jubilacion-regalo-regala-un-ninot\/\" target=\"_blank\" rel=\"noreferrer noopener\">el de Elecnor para su expresidente<\/a>, el ninot para el directivo de Siemens va vestido de fallero<\/strong>. Ram\u00f3n Albors es fallero, y era un detalle que ten\u00eda que estar representado en el ninot, se ha escogido el traje de su falla. Es un gui\u00f1o a su origen valenciano y a la sede donde ha estado m\u00e1s tiempo de su carrera.\u00a0<\/p>\n\n\n\n<p>El Ipad simboliza su puesto como Director Comercial de Ventas, y es que en la pantalla se aprecia los gr\u00e1ficos con los que trabaja d\u00eda a d\u00eda. Al ser comercial tiene que estar siempre atento a las ventas, los leads que entran, la relaci\u00f3n con los clientes, proveedores y sus gr\u00e1ficos. Por eso,<strong> al encargar el ninot a su director pidieron que en el ipad saliese un gr\u00e1fico con la marca de Siemens Digital Industries<\/strong>, y el <a href=\"https:\/\/artistasfalleros.com\/\" target=\"_blank\" rel=\"noreferrer noopener\">artista fallero<\/a> Vicente Dom\u00ednguez lo ha pintado exacto. Igual que ha a\u00f1adido el detalle del malet\u00edn, porque todo buen comercial siempre va acompa\u00f1ado de uno.&nbsp;<\/p>\n\n\n\n<figure class=\"wp-block-image size-large\"><img loading=\"lazy\" decoding=\"async\" width=\"1024\" height=\"1024\" src=\"https:\/\/regalaunninot.com\/wp-content\/uploads\/2024\/07\/insta2-ninot-siemens-1024x1024.jpg\" alt=\"ninot-director-ventas-siemens-regalo-jublicaci\u00f3n-regala-un-ninot\" class=\"wp-image-10228\"\/><\/figure>\n\n\n\n<p><\/p>\n\n\n\n<h2 class=\"wp-block-heading\">Ninots para directivos y empresarios como regalos especiales<\/h2>\n\n\n\n<p><\/p>\n\n\n\n<p><strong>Cuando alguien se jubila, la empresa suele darle un detalle, pero estamos viendo como regalar un ninot personalizado se est\u00e1 volviendo una tendencia<\/strong>. Cada vez son m\u00e1s las empresas que conf\u00edan en Regala Un Ninot para este regalo especial como homenaje y agradecimiento. Es un regalo \u00fanico, personal, emotivo e irrepetible, que siempre saca una sonrisa. <a href=\"https:\/\/regalaunninot.com\/es\/ninot-ceo-powerco-regalo-empresa-regala-un-ninot\/\" target=\"_blank\" rel=\"noreferrer noopener\">A Thomas Dalhmen le hizo mucha ilusi\u00f3n recibir el suyo<\/a> de parte de sus empleados en su despedida, ahora decora su casa en Alemania record\u00e1ndole su etapa en Valencia.<\/p>\n\n\n\n<p><a href=\"https:\/\/regalaunninot.com\/es\/ninot-regalo-empresa-vips-personalizado-regala-un-ninot\/\" target=\"_blank\" rel=\"noreferrer noopener\">Los directos de VIPS tienen sus ninots en sus oficinas<\/a>, y al recibirlo tambi\u00e9n les encant\u00f3 verse en un ninot vestidos de camarero y cocinero VIPS. <strong>Un ninot para directivos es un regalo diferente, que deja huella porque es especial por el mensaje y porque te est\u00e1n regalando una parte de Valencia<\/strong>. Regalar un ninot personalizado en estas ocasiones especiales para empresarios, directivos y jefes es un acierto. <a href=\"info@regalaunninot.com\" target=\"_blank\" rel=\"noreferrer noopener\">Contacta con nosotros<\/a> y te ayudaremos a crear el ninot personalizado para tu directivo.\u00a0<\/p>\n","protected":false},"excerpt":{"rendered":"<p>Haber estado en una empresa 40 a\u00f1os, es admirable. Ram\u00f3n Albors Bonafont, Director Comercial de Ventas de Siemens, cumple 40 a\u00f1os en la empresa, y este a\u00f1o ser\u00e1 su \u00faltimo al lado de su equipo porque se jubila. Como homenaje y agradecimiento por todos estos a\u00f1os, Siemens le ha regalado un ninot a su Director [&hellip;]<\/p>\n","protected":false},"author":7,"featured_media":10230,"comment_status":"closed","ping_status":"closed","sticky":false,"template":"","format":"standard","meta":{"footnotes":""},"categories":[313],"tags":[1140,1265,1754,1710,1774,1425,1755,1351,1283,1330,1254],"class_list":["post-10225","post","type-post","status-publish","format-standard","has-post-thumbnail","hentry","category-noticias-de-regala-un-ninot","tag-artistas-falleros-es","tag-ninot-de-falla-es","tag-ninot-empresa","tag-ninot-empresario","tag-ninot-homenaje","tag-ninot-personalizado","tag-ninot-regalo","tag-ninots-con-sentimiento","tag-regalo-empresarial","tag-regalos-especiales","tag-tu-ninot-personalizado-es"],"acf":[],"yoast_head":"<!-- This site is optimized with the Yoast SEO Premium plugin v19.3 (Yoast SEO v26.5) - https:\/\/yoast.com\/wordpress\/plugins\/seo\/ -->\n<title>Siemens regala un ninot a su Director de Ventas | Regala Un Ninot<\/title>\n<meta name=\"description\" content=\"Como homenaje y agradecimiento por estos 40 a\u00f1os en la empresa, Siemens le ha regalado un ninot a su Director Comercial de ventas.\" \/>\n<meta name=\"robots\" content=\"index, follow, max-snippet:-1, max-image-preview:large, max-video-preview:-1\" \/>\n<link rel=\"canonical\" href=\"https:\/\/regalaunninot.com\/es\/ninot-director-ventas-siemens-regalo-jublicacion-regala-un-ninot\/\" \/>\n<meta property=\"og:locale\" content=\"es_ES\" \/>\n<meta property=\"og:type\" content=\"article\" \/>\n<meta property=\"og:title\" content=\"Siemens le regala un ninot a su Director Comercial de Ventas\" \/>\n<meta property=\"og:description\" content=\"Como homenaje y agradecimiento por estos 40 a\u00f1os en la empresa, Siemens le ha regalado un ninot a su Director Comercial de ventas.\" \/>\n<meta property=\"og:url\" content=\"https:\/\/regalaunninot.com\/es\/ninot-director-ventas-siemens-regalo-jublicacion-regala-un-ninot\/\" \/>\n<meta property=\"og:site_name\" content=\"\ud83c\udf81 Regala Un Ninot \u200d\ud83c\udfa8\" \/>\n<meta property=\"article:published_time\" content=\"2024-07-23T14:14:35+00:00\" \/>\n<meta property=\"article:modified_time\" content=\"2024-07-23T14:31:25+00:00\" \/>\n<meta property=\"og:image\" content=\"https:\/\/regalaunninot.com\/wp-content\/uploads\/2024\/07\/insta1-ninot-siemens.jpg\" \/>\n\t<meta property=\"og:image:width\" content=\"1080\" \/>\n\t<meta property=\"og:image:height\" content=\"1080\" \/>\n\t<meta property=\"og:image:type\" content=\"image\/jpeg\" \/>\n<meta name=\"author\" content=\"Leonor Guarnizo\" \/>\n<meta name=\"twitter:card\" content=\"summary_large_image\" \/>\n<meta name=\"twitter:label1\" content=\"Escrito por\" \/>\n\t<meta name=\"twitter:data1\" content=\"Leonor Guarnizo\" \/>\n\t<meta name=\"twitter:label2\" content=\"Tiempo de lectura\" \/>\n\t<meta name=\"twitter:data2\" content=\"4 minutos\" \/>\n<script type=\"application\/ld+json\" class=\"yoast-schema-graph\">{\"@context\":\"https:\/\/schema.org\",\"@graph\":[{\"@type\":\"Article\",\"@id\":\"https:\/\/regalaunninot.com\/es\/ninot-director-ventas-siemens-regalo-jublicacion-regala-un-ninot\/#article\",\"isPartOf\":{\"@id\":\"https:\/\/regalaunninot.com\/es\/ninot-director-ventas-siemens-regalo-jublicacion-regala-un-ninot\/\"},\"author\":{\"name\":\"Leonor Guarnizo\",\"@id\":\"https:\/\/regalaunninot.com\/es\/#\/schema\/person\/a075a4abc609442ae3a26b7236f10a85\"},\"headline\":\"Siemens le regala un ninot a su Director Comercial de Ventas\",\"datePublished\":\"2024-07-23T14:14:35+00:00\",\"dateModified\":\"2024-07-23T14:31:25+00:00\",\"mainEntityOfPage\":{\"@id\":\"https:\/\/regalaunninot.com\/es\/ninot-director-ventas-siemens-regalo-jublicacion-regala-un-ninot\/\"},\"wordCount\":647,\"publisher\":{\"@id\":\"https:\/\/regalaunninot.com\/es\/#organization\"},\"image\":{\"@id\":\"https:\/\/regalaunninot.com\/es\/ninot-director-ventas-siemens-regalo-jublicacion-regala-un-ninot\/#primaryimage\"},\"thumbnailUrl\":\"https:\/\/regalaunninot.com\/wp-content\/uploads\/2024\/07\/insta1-ninot-siemens.jpg\",\"keywords\":[\"artistas falleros\",\"ninot de falla\",\"ninot empresa\",\"ninot empresario\",\"ninot homenaje\",\"ninot personalizado\",\"ninot regalo\",\"ninots con sentimiento\",\"regalo empresarial\",\"regalos especiales\",\"tu ninot personalizado\"],\"articleSection\":[\"Noticias de regala un ninot\"],\"inLanguage\":\"es\"},{\"@type\":\"WebPage\",\"@id\":\"https:\/\/regalaunninot.com\/es\/ninot-director-ventas-siemens-regalo-jublicacion-regala-un-ninot\/\",\"url\":\"https:\/\/regalaunninot.com\/es\/ninot-director-ventas-siemens-regalo-jublicacion-regala-un-ninot\/\",\"name\":\"Siemens regala un ninot a su Director de Ventas | Regala Un Ninot\",\"isPartOf\":{\"@id\":\"https:\/\/regalaunninot.com\/es\/#website\"},\"primaryImageOfPage\":{\"@id\":\"https:\/\/regalaunninot.com\/es\/ninot-director-ventas-siemens-regalo-jublicacion-regala-un-ninot\/#primaryimage\"},\"image\":{\"@id\":\"https:\/\/regalaunninot.com\/es\/ninot-director-ventas-siemens-regalo-jublicacion-regala-un-ninot\/#primaryimage\"},\"thumbnailUrl\":\"https:\/\/regalaunninot.com\/wp-content\/uploads\/2024\/07\/insta1-ninot-siemens.jpg\",\"datePublished\":\"2024-07-23T14:14:35+00:00\",\"dateModified\":\"2024-07-23T14:31:25+00:00\",\"description\":\"Como homenaje y agradecimiento por estos 40 a\u00f1os en la empresa, Siemens le ha regalado un ninot a su Director Comercial de ventas.\",\"breadcrumb\":{\"@id\":\"https:\/\/regalaunninot.com\/es\/ninot-director-ventas-siemens-regalo-jublicacion-regala-un-ninot\/#breadcrumb\"},\"inLanguage\":\"es\",\"potentialAction\":[{\"@type\":\"ReadAction\",\"target\":[\"https:\/\/regalaunninot.com\/es\/ninot-director-ventas-siemens-regalo-jublicacion-regala-un-ninot\/\"]}]},{\"@type\":\"ImageObject\",\"inLanguage\":\"es\",\"@id\":\"https:\/\/regalaunninot.com\/es\/ninot-director-ventas-siemens-regalo-jublicacion-regala-un-ninot\/#primaryimage\",\"url\":\"https:\/\/regalaunninot.com\/wp-content\/uploads\/2024\/07\/insta1-ninot-siemens.jpg\",\"contentUrl\":\"https:\/\/regalaunninot.com\/wp-content\/uploads\/2024\/07\/insta1-ninot-siemens.jpg\",\"width\":1080,\"height\":1080,\"caption\":\"ninot-director-ventas-siemens-regalo-jublicaci\u00f3n-regala-un-ninot\"},{\"@type\":\"BreadcrumbList\",\"@id\":\"https:\/\/regalaunninot.com\/es\/ninot-director-ventas-siemens-regalo-jublicacion-regala-un-ninot\/#breadcrumb\",\"itemListElement\":[{\"@type\":\"ListItem\",\"position\":1,\"name\":\"Inici\",\"item\":\"https:\/\/regalaunninot.com\/es\/\"},{\"@type\":\"ListItem\",\"position\":2,\"name\":\"Siemens le regala un ninot a su Director Comercial de Ventas\"}]},{\"@type\":\"WebSite\",\"@id\":\"https:\/\/regalaunninot.com\/es\/#website\",\"url\":\"https:\/\/regalaunninot.com\/es\/\",\"name\":\"\ud83c\udf81 Regala Un Ninot \u200d\ud83c\udfa8\",\"description\":\"Regala la creatividad de nuestros artistas falleros y foguereros\",\"publisher\":{\"@id\":\"https:\/\/regalaunninot.com\/es\/#organization\"},\"potentialAction\":[{\"@type\":\"SearchAction\",\"target\":{\"@type\":\"EntryPoint\",\"urlTemplate\":\"https:\/\/regalaunninot.com\/es\/?s={search_term_string}\"},\"query-input\":{\"@type\":\"PropertyValueSpecification\",\"valueRequired\":true,\"valueName\":\"search_term_string\"}}],\"inLanguage\":\"es\"},{\"@type\":\"Organization\",\"@id\":\"https:\/\/regalaunninot.com\/es\/#organization\",\"name\":\"Regala Un Ninot\",\"url\":\"https:\/\/regalaunninot.com\/es\/\",\"logo\":{\"@type\":\"ImageObject\",\"inLanguage\":\"es\",\"@id\":\"https:\/\/regalaunninot.com\/es\/#\/schema\/logo\/image\/\",\"url\":\"https:\/\/regalaunninot.com\/wp-content\/uploads\/2020\/12\/logo-regala-un-ninot-h.png\",\"contentUrl\":\"https:\/\/regalaunninot.com\/wp-content\/uploads\/2020\/12\/logo-regala-un-ninot-h.png\",\"width\":1787,\"height\":705,\"caption\":\"Regala Un Ninot\"},\"image\":{\"@id\":\"https:\/\/regalaunninot.com\/es\/#\/schema\/logo\/image\/\"}},{\"@type\":\"Person\",\"@id\":\"https:\/\/regalaunninot.com\/es\/#\/schema\/person\/a075a4abc609442ae3a26b7236f10a85\",\"name\":\"Leonor Guarnizo\",\"image\":{\"@type\":\"ImageObject\",\"inLanguage\":\"es\",\"@id\":\"https:\/\/regalaunninot.com\/es\/#\/schema\/person\/image\/\",\"url\":\"https:\/\/secure.gravatar.com\/avatar\/53554051042a5a3603a010ce4f91f6391161f04e13f4415ceef45f79c20ec3ad?s=96&d=mm&r=g\",\"contentUrl\":\"https:\/\/secure.gravatar.com\/avatar\/53554051042a5a3603a010ce4f91f6391161f04e13f4415ceef45f79c20ec3ad?s=96&d=mm&r=g\",\"caption\":\"Leonor Guarnizo\"}}]}<\/script>\n<!-- \/ Yoast SEO Premium plugin. -->","yoast_head_json":{"title":"Siemens regala un ninot a su Director de Ventas | Regala Un Ninot","description":"Como homenaje y agradecimiento por estos 40 a\u00f1os en la empresa, Siemens le ha regalado un ninot a su Director Comercial de ventas.","robots":{"index":"index","follow":"follow","max-snippet":"max-snippet:-1","max-image-preview":"max-image-preview:large","max-video-preview":"max-video-preview:-1"},"canonical":"https:\/\/regalaunninot.com\/es\/ninot-director-ventas-siemens-regalo-jublicacion-regala-un-ninot\/","og_locale":"es_ES","og_type":"article","og_title":"Siemens le regala un ninot a su Director Comercial de Ventas","og_description":"Como homenaje y agradecimiento por estos 40 a\u00f1os en la empresa, Siemens le ha regalado un ninot a su Director Comercial de ventas.","og_url":"https:\/\/regalaunninot.com\/es\/ninot-director-ventas-siemens-regalo-jublicacion-regala-un-ninot\/","og_site_name":"\ud83c\udf81 Regala Un Ninot \u200d\ud83c\udfa8","article_published_time":"2024-07-23T14:14:35+00:00","article_modified_time":"2024-07-23T14:31:25+00:00","og_image":[{"width":1080,"height":1080,"url":"https:\/\/regalaunninot.com\/wp-content\/uploads\/2024\/07\/insta1-ninot-siemens.jpg","type":"image\/jpeg"}],"author":"Leonor Guarnizo","twitter_card":"summary_large_image","twitter_misc":{"Escrito por":"Leonor Guarnizo","Tiempo de lectura":"4 minutos"},"schema":{"@context":"https:\/\/schema.org","@graph":[{"@type":"Article","@id":"https:\/\/regalaunninot.com\/es\/ninot-director-ventas-siemens-regalo-jublicacion-regala-un-ninot\/#article","isPartOf":{"@id":"https:\/\/regalaunninot.com\/es\/ninot-director-ventas-siemens-regalo-jublicacion-regala-un-ninot\/"},"author":{"name":"Leonor Guarnizo","@id":"https:\/\/regalaunninot.com\/es\/#\/schema\/person\/a075a4abc609442ae3a26b7236f10a85"},"headline":"Siemens le regala un ninot a su Director Comercial de Ventas","datePublished":"2024-07-23T14:14:35+00:00","dateModified":"2024-07-23T14:31:25+00:00","mainEntityOfPage":{"@id":"https:\/\/regalaunninot.com\/es\/ninot-director-ventas-siemens-regalo-jublicacion-regala-un-ninot\/"},"wordCount":647,"publisher":{"@id":"https:\/\/regalaunninot.com\/es\/#organization"},"image":{"@id":"https:\/\/regalaunninot.com\/es\/ninot-director-ventas-siemens-regalo-jublicacion-regala-un-ninot\/#primaryimage"},"thumbnailUrl":"https:\/\/regalaunninot.com\/wp-content\/uploads\/2024\/07\/insta1-ninot-siemens.jpg","keywords":["artistas falleros","ninot de falla","ninot empresa","ninot empresario","ninot homenaje","ninot personalizado","ninot regalo","ninots con sentimiento","regalo empresarial","regalos especiales","tu ninot personalizado"],"articleSection":["Noticias de regala un ninot"],"inLanguage":"es"},{"@type":"WebPage","@id":"https:\/\/regalaunninot.com\/es\/ninot-director-ventas-siemens-regalo-jublicacion-regala-un-ninot\/","url":"https:\/\/regalaunninot.com\/es\/ninot-director-ventas-siemens-regalo-jublicacion-regala-un-ninot\/","name":"Siemens regala un ninot a su Director de Ventas | Regala Un Ninot","isPartOf":{"@id":"https:\/\/regalaunninot.com\/es\/#website"},"primaryImageOfPage":{"@id":"https:\/\/regalaunninot.com\/es\/ninot-director-ventas-siemens-regalo-jublicacion-regala-un-ninot\/#primaryimage"},"image":{"@id":"https:\/\/regalaunninot.com\/es\/ninot-director-ventas-siemens-regalo-jublicacion-regala-un-ninot\/#primaryimage"},"thumbnailUrl":"https:\/\/regalaunninot.com\/wp-content\/uploads\/2024\/07\/insta1-ninot-siemens.jpg","datePublished":"2024-07-23T14:14:35+00:00","dateModified":"2024-07-23T14:31:25+00:00","description":"Como homenaje y agradecimiento por estos 40 a\u00f1os en la empresa, Siemens le ha regalado un ninot a su Director Comercial de ventas.","breadcrumb":{"@id":"https:\/\/regalaunninot.com\/es\/ninot-director-ventas-siemens-regalo-jublicacion-regala-un-ninot\/#breadcrumb"},"inLanguage":"es","potentialAction":[{"@type":"ReadAction","target":["https:\/\/regalaunninot.com\/es\/ninot-director-ventas-siemens-regalo-jublicacion-regala-un-ninot\/"]}]},{"@type":"ImageObject","inLanguage":"es","@id":"https:\/\/regalaunninot.com\/es\/ninot-director-ventas-siemens-regalo-jublicacion-regala-un-ninot\/#primaryimage","url":"https:\/\/regalaunninot.com\/wp-content\/uploads\/2024\/07\/insta1-ninot-siemens.jpg","contentUrl":"https:\/\/regalaunninot.com\/wp-content\/uploads\/2024\/07\/insta1-ninot-siemens.jpg","width":1080,"height":1080,"caption":"ninot-director-ventas-siemens-regalo-jublicaci\u00f3n-regala-un-ninot"},{"@type":"BreadcrumbList","@id":"https:\/\/regalaunninot.com\/es\/ninot-director-ventas-siemens-regalo-jublicacion-regala-un-ninot\/#breadcrumb","itemListElement":[{"@type":"ListItem","position":1,"name":"Inici","item":"https:\/\/regalaunninot.com\/es\/"},{"@type":"ListItem","position":2,"name":"Siemens le regala un ninot a su Director Comercial de Ventas"}]},{"@type":"WebSite","@id":"https:\/\/regalaunninot.com\/es\/#website","url":"https:\/\/regalaunninot.com\/es\/","name":"\ud83c\udf81 Regala Un Ninot \u200d\ud83c\udfa8","description":"Regala la creatividad de nuestros artistas falleros y foguereros","publisher":{"@id":"https:\/\/regalaunninot.com\/es\/#organization"},"potentialAction":[{"@type":"SearchAction","target":{"@type":"EntryPoint","urlTemplate":"https:\/\/regalaunninot.com\/es\/?s={search_term_string}"},"query-input":{"@type":"PropertyValueSpecification","valueRequired":true,"valueName":"search_term_string"}}],"inLanguage":"es"},{"@type":"Organization","@id":"https:\/\/regalaunninot.com\/es\/#organization","name":"Regala Un Ninot","url":"https:\/\/regalaunninot.com\/es\/","logo":{"@type":"ImageObject","inLanguage":"es","@id":"https:\/\/regalaunninot.com\/es\/#\/schema\/logo\/image\/","url":"https:\/\/regalaunninot.com\/wp-content\/uploads\/2020\/12\/logo-regala-un-ninot-h.png","contentUrl":"https:\/\/regalaunninot.com\/wp-content\/uploads\/2020\/12\/logo-regala-un-ninot-h.png","width":1787,"height":705,"caption":"Regala Un Ninot"},"image":{"@id":"https:\/\/regalaunninot.com\/es\/#\/schema\/logo\/image\/"}},{"@type":"Person","@id":"https:\/\/regalaunninot.com\/es\/#\/schema\/person\/a075a4abc609442ae3a26b7236f10a85","name":"Leonor Guarnizo","image":{"@type":"ImageObject","inLanguage":"es","@id":"https:\/\/regalaunninot.com\/es\/#\/schema\/person\/image\/","url":"https:\/\/secure.gravatar.com\/avatar\/53554051042a5a3603a010ce4f91f6391161f04e13f4415ceef45f79c20ec3ad?s=96&d=mm&r=g","contentUrl":"https:\/\/secure.gravatar.com\/avatar\/53554051042a5a3603a010ce4f91f6391161f04e13f4415ceef45f79c20ec3ad?s=96&d=mm&r=g","caption":"Leonor Guarnizo"}}]}},"_links":{"self":[{"href":"https:\/\/regalaunninot.com\/es\/wp-json\/wp\/v2\/posts\/10225","targetHints":{"allow":["GET"]}}],"collection":[{"href":"https:\/\/regalaunninot.com\/es\/wp-json\/wp\/v2\/posts"}],"about":[{"href":"https:\/\/regalaunninot.com\/es\/wp-json\/wp\/v2\/types\/post"}],"author":[{"embeddable":true,"href":"https:\/\/regalaunninot.com\/es\/wp-json\/wp\/v2\/users\/7"}],"replies":[{"embeddable":true,"href":"https:\/\/regalaunninot.com\/es\/wp-json\/wp\/v2\/comments?post=10225"}],"version-history":[{"count":4,"href":"https:\/\/regalaunninot.com\/es\/wp-json\/wp\/v2\/posts\/10225\/revisions"}],"predecessor-version":[{"id":10237,"href":"https:\/\/regalaunninot.com\/es\/wp-json\/wp\/v2\/posts\/10225\/revisions\/10237"}],"wp:featuredmedia":[{"embeddable":true,"href":"https:\/\/regalaunninot.com\/es\/wp-json\/wp\/v2\/media\/10230"}],"wp:attachment":[{"href":"https:\/\/regalaunninot.com\/es\/wp-json\/wp\/v2\/media?parent=10225"}],"wp:term":[{"taxonomy":"category","embeddable":true,"href":"https:\/\/regalaunninot.com\/es\/wp-json\/wp\/v2\/categories?post=10225"},{"taxonomy":"post_tag","embeddable":true,"href":"https:\/\/regalaunninot.com\/es\/wp-json\/wp\/v2\/tags?post=10225"}],"curies":[{"name":"wp","href":"https:\/\/api.w.org\/{rel}","templated":true}]}}