{"id":10312,"date":"2024-10-15T16:07:09","date_gmt":"2024-10-15T14:07:09","guid":{"rendered":"https:\/\/regalaunninot.com\/?p=10312"},"modified":"2024-10-15T16:07:11","modified_gmt":"2024-10-15T14:07:11","slug":"ninot-papa-francisco-falla-falla-art-i-ciencia-regala-un-ninot","status":"publish","type":"post","link":"https:\/\/regalaunninot.com\/es\/ninot-papa-francisco-falla-falla-art-i-ciencia-regala-un-ninot\/","title":{"rendered":"Le regalan un ninot al Papa Francisco"},"content":{"rendered":"\n<p>El Papa Francisco recibe muchos regalos cada d\u00eda de sus feligreses. Todos son especiales, pero el que le ha dado la Falla Art i Ciencia es un obsequio \u00fanico y personalizado, realizado con cari\u00f1o por <a href=\"https:\/\/regalaunninot.com\/\" target=\"_blank\" rel=\"noreferrer noopener\">Regala Un Ninot<\/a>. <strong>Es la primera vez que le regalan un ninot al Papa Francisco, solo los valencianos pod\u00edan pensar en entregarle un ninot<\/strong>.\u00a0<\/p>\n\n\n\n<p><strong>La Falla Art i Ciencia con la visita especial al Vaticano que han organizado para ver al Papa Francisco en Roma, han pensado que no pod\u00edan ir con las manos vac\u00edas<\/strong>. Sopesaron varios regalos, pero no encontraron nada m\u00e1s t\u00edpico de Valencia que un <strong>ninot para el Papa Francisco<\/strong>. Adem\u00e1s, la intenci\u00f3n es que el pont\u00edfice conozca las fallas, el talento de los <a href=\"https:\/\/artistasfalleros.com\/\" target=\"_blank\" rel=\"noreferrer noopener\">artistas falleros<\/a> y se interese por esta festividad.\u00a0<\/p>\n\n\n\n<h2 class=\"wp-block-heading\" id=\"h-un-ninot-para-el-papa-francisco-de-regala-un-ninot\">Un ninot para el Papa Francisco de Regala Un Ninot<\/h2>\n\n\n\n<p><\/p>\n\n\n\n<p><strong>Para el dise\u00f1o del ninot para el Papa Francisco se barajaron distintas opciones<\/strong>. Entre ellas un ninot personalizado de \u00e9l, pero se quiso optar por un dise\u00f1o m\u00e1s general y relacionado con la religi\u00f3n cristiana. Un ninot que al verlo saque una sonrisa al Papa cada vez, y vea un regalo \u00fanico en el mundo para \u00e9l.\u00a0<\/p>\n\n\n\n<p>El ninot es San Jos\u00e9, un dise\u00f1o relacionado con la religi\u00f3n y un personaje con mucho peso por lo que representa para la falla tambi\u00e9n. Pues, San Jos\u00e9 es el patr\u00f3n de las Fallas y de los artistas falleros, y la llama que sostiene representa el fuego de la fiesta fallera <strong>Adem\u00e1s, el ninot para el Papa Francisco tiene una est\u00e9tica fallera, para que conozca el estilo de las fallas<\/strong>. En Regala Un Ninot hay muchos estilos diferentes de ninots, pero reproducir la t\u00e9cnica fallera de pintura, esos colores vibrantes y los contrastes ha sido lo m\u00e1s acertado.\u00a0<\/p>\n\n\n\n<figure class=\"wp-block-image size-large\"><img loading=\"lazy\" decoding=\"async\" width=\"1024\" height=\"1024\" src=\"https:\/\/regalaunninot.com\/wp-content\/uploads\/2024\/10\/insta1-ninot-papa-francisco-run-1024x1024.jpg\" alt=\"Ninot al Papa Francisco-regala-un-ninot-falla-ninot-personalizado\" class=\"wp-image-10313\"\/><\/figure>\n\n\n\n<p><\/p>\n\n\n\n<p><strong>Un ninot para el Papa Francisco que parece un dibujo animado<\/strong>. Es alegre, colorido, da ternura y una pieza de decoraci\u00f3n \u00fanica. La Fallla Art i Ciencia lo pensaron todo. Adem\u00e1s, se acordar\u00e1 siempre de ellos y de <strong>Regala Un Ninot<\/strong> cada vez que lo vea, porque tiene dos placas con ambos logos para reconocer quienes han estado detr\u00e1s de la iniciativa.\u00a0<\/p>\n\n\n\n<figure class=\"wp-block-image size-large\"><img loading=\"lazy\" decoding=\"async\" width=\"1024\" height=\"768\" src=\"https:\/\/regalaunninot.com\/wp-content\/uploads\/2024\/10\/web1-ninot-papa-francisco-1024x768.jpg\" alt=\"Ninot al Papa Francisco-regala-un-ninot\" class=\"wp-image-10319\"\/><\/figure>\n\n\n\n<p><\/p>\n\n\n\n<h2 class=\"wp-block-heading\">Un ninot es un regalo especial para todas las ocasiones<\/h2>\n\n\n\n<p><\/p>\n\n\n\n<p><strong>El ninot para el Papa Francisco es uno de los m\u00e1s especiales que hemos realizado en Regala Un Ninot, pero todos son m\u00e1gicos<\/strong>. Por ejemplo, para <a href=\"https:\/\/regalaunninot.com\/es\/homenaje-ninot-valentino-rossi-motogp-dorna\/\" target=\"_blank\" rel=\"noreferrer noopener\">Valentino Rossi tambi\u00e9n creamos un ninot<\/a>, aunque con una est\u00e9tica m\u00e1s caricaturesca no tanto de fallas. Luego, est\u00e1n los ninots que las empresas nos encargan para sus directivos que son un homenaje a su trabajo y entrega a la compa\u00f1\u00eda <a href=\"https:\/\/regalaunninot.com\/es\/regalo-empresa-directivo-flywire-ninot-personaliza-regala-un-ninot\/\" target=\"_blank\" rel=\"noreferrer noopener\">como los de Flywire<\/a> o <a href=\"https:\/\/regalaunninot.com\/es\/ninot-ceo-powerco-regalo-empresa-regala-un-ninot\/\" target=\"_blank\" rel=\"noreferrer noopener\">PowerCo<\/a>.\u00a0<\/p>\n\n\n\n<p><strong>Es un regalo \u00fanico y personalizado al cien por cien, no hay dos ninots iguales<\/strong>. Adem\u00e1s, el momento de entregarlo es muy bonito, porque se aprecia la sonrisa que se le dibuja a quien lo recibe. En Regala Un Ninot nos encanta ser part\u00edcipes de estos momentos, como este para el Papa Francisco de parte de la Falla Art i Ciencia. Si quieres realizar un regalo con sentimiento, personalizado y especial, <a href=\"mailto:info@regalaunninot.com\" target=\"_blank\" rel=\"noreferrer noopener\">contacta con nosotros<\/a> y te ayudaremos a crear el ninot perfecto.\u00a0<\/p>\n","protected":false},"excerpt":{"rendered":"<p>El Papa Francisco recibe muchos regalos cada d\u00eda de sus feligreses. Todos son especiales, pero el que le ha dado la Falla Art i Ciencia es un obsequio \u00fanico y personalizado, realizado con cari\u00f1o por Regala Un Ninot. Es la primera vez que le regalan un ninot al Papa Francisco, solo los valencianos pod\u00edan pensar [&hellip;]<\/p>\n","protected":false},"author":7,"featured_media":10315,"comment_status":"closed","ping_status":"closed","sticky":false,"template":"","format":"standard","meta":{"footnotes":""},"categories":[313],"tags":[1140,1265,1781,1425,1755,1351,853,1254],"class_list":["post-10312","post","type-post","status-publish","format-standard","has-post-thumbnail","hentry","category-noticias-de-regala-un-ninot","tag-artistas-falleros-es","tag-ninot-de-falla-es","tag-ninot-especial","tag-ninot-personalizado","tag-ninot-regalo","tag-ninots-con-sentimiento","tag-regala-un-ninot-es","tag-tu-ninot-personalizado-es"],"acf":[],"yoast_head":"<!-- This site is optimized with the Yoast SEO Premium plugin v19.3 (Yoast SEO v26.5) - https:\/\/yoast.com\/wordpress\/plugins\/seo\/ -->\n<title>Le regalan un ninot al Papa Francisco | \ud83c\udf81 Regala Un Ninot \u200d\ud83c\udfa8<\/title>\n<meta name=\"description\" content=\"La Falla Art i Ciencia con la visita especial al Vaticano le han regalado un ninot al Papa Francisco realizado por Regala Un Ninot.\" \/>\n<meta name=\"robots\" content=\"index, follow, max-snippet:-1, max-image-preview:large, max-video-preview:-1\" \/>\n<link rel=\"canonical\" href=\"https:\/\/regalaunninot.com\/es\/ninot-papa-francisco-falla-falla-art-i-ciencia-regala-un-ninot\/\" \/>\n<meta property=\"og:locale\" content=\"es_ES\" \/>\n<meta property=\"og:type\" content=\"article\" \/>\n<meta property=\"og:title\" content=\"Le regalan un ninot al Papa Francisco\" \/>\n<meta property=\"og:description\" content=\"La Falla Art i Ciencia con la visita especial al Vaticano le han regalado un ninot al Papa Francisco realizado por Regala Un Ninot.\" \/>\n<meta property=\"og:url\" content=\"https:\/\/regalaunninot.com\/es\/ninot-papa-francisco-falla-falla-art-i-ciencia-regala-un-ninot\/\" \/>\n<meta property=\"og:site_name\" content=\"\ud83c\udf81 Regala Un Ninot \u200d\ud83c\udfa8\" \/>\n<meta property=\"article:published_time\" content=\"2024-10-15T14:07:09+00:00\" \/>\n<meta property=\"article:modified_time\" content=\"2024-10-15T14:07:11+00:00\" \/>\n<meta property=\"og:image\" content=\"https:\/\/regalaunninot.com\/wp-content\/uploads\/2024\/10\/ninot-san-jose.jpg\" \/>\n\t<meta property=\"og:image:width\" content=\"1920\" \/>\n\t<meta property=\"og:image:height\" content=\"1280\" \/>\n\t<meta property=\"og:image:type\" content=\"image\/jpeg\" \/>\n<meta name=\"author\" content=\"Leonor Guarnizo\" \/>\n<meta name=\"twitter:card\" content=\"summary_large_image\" \/>\n<meta name=\"twitter:label1\" content=\"Escrito por\" \/>\n\t<meta name=\"twitter:data1\" content=\"Leonor Guarnizo\" \/>\n\t<meta name=\"twitter:label2\" content=\"Tiempo de lectura\" \/>\n\t<meta name=\"twitter:data2\" content=\"3 minutos\" \/>\n<script type=\"application\/ld+json\" class=\"yoast-schema-graph\">{\"@context\":\"https:\/\/schema.org\",\"@graph\":[{\"@type\":\"Article\",\"@id\":\"https:\/\/regalaunninot.com\/es\/ninot-papa-francisco-falla-falla-art-i-ciencia-regala-un-ninot\/#article\",\"isPartOf\":{\"@id\":\"https:\/\/regalaunninot.com\/es\/ninot-papa-francisco-falla-falla-art-i-ciencia-regala-un-ninot\/\"},\"author\":{\"name\":\"Leonor Guarnizo\",\"@id\":\"https:\/\/regalaunninot.com\/es\/#\/schema\/person\/a075a4abc609442ae3a26b7236f10a85\"},\"headline\":\"Le regalan un ninot al Papa Francisco\",\"datePublished\":\"2024-10-15T14:07:09+00:00\",\"dateModified\":\"2024-10-15T14:07:11+00:00\",\"mainEntityOfPage\":{\"@id\":\"https:\/\/regalaunninot.com\/es\/ninot-papa-francisco-falla-falla-art-i-ciencia-regala-un-ninot\/\"},\"wordCount\":562,\"publisher\":{\"@id\":\"https:\/\/regalaunninot.com\/es\/#organization\"},\"image\":{\"@id\":\"https:\/\/regalaunninot.com\/es\/ninot-papa-francisco-falla-falla-art-i-ciencia-regala-un-ninot\/#primaryimage\"},\"thumbnailUrl\":\"https:\/\/regalaunninot.com\/wp-content\/uploads\/2024\/10\/ninot-san-jose.jpg\",\"keywords\":[\"artistas falleros\",\"ninot de falla\",\"ninot especial\",\"ninot personalizado\",\"ninot regalo\",\"ninots con sentimiento\",\"regala un ninot\",\"tu ninot personalizado\"],\"articleSection\":[\"Noticias de regala un ninot\"],\"inLanguage\":\"es\"},{\"@type\":\"WebPage\",\"@id\":\"https:\/\/regalaunninot.com\/es\/ninot-papa-francisco-falla-falla-art-i-ciencia-regala-un-ninot\/\",\"url\":\"https:\/\/regalaunninot.com\/es\/ninot-papa-francisco-falla-falla-art-i-ciencia-regala-un-ninot\/\",\"name\":\"Le regalan un ninot al Papa Francisco | \ud83c\udf81 Regala Un Ninot \u200d\ud83c\udfa8\",\"isPartOf\":{\"@id\":\"https:\/\/regalaunninot.com\/es\/#website\"},\"primaryImageOfPage\":{\"@id\":\"https:\/\/regalaunninot.com\/es\/ninot-papa-francisco-falla-falla-art-i-ciencia-regala-un-ninot\/#primaryimage\"},\"image\":{\"@id\":\"https:\/\/regalaunninot.com\/es\/ninot-papa-francisco-falla-falla-art-i-ciencia-regala-un-ninot\/#primaryimage\"},\"thumbnailUrl\":\"https:\/\/regalaunninot.com\/wp-content\/uploads\/2024\/10\/ninot-san-jose.jpg\",\"datePublished\":\"2024-10-15T14:07:09+00:00\",\"dateModified\":\"2024-10-15T14:07:11+00:00\",\"description\":\"La Falla Art i Ciencia con la visita especial al Vaticano le han regalado un ninot al Papa Francisco realizado por Regala Un Ninot.\",\"breadcrumb\":{\"@id\":\"https:\/\/regalaunninot.com\/es\/ninot-papa-francisco-falla-falla-art-i-ciencia-regala-un-ninot\/#breadcrumb\"},\"inLanguage\":\"es\",\"potentialAction\":[{\"@type\":\"ReadAction\",\"target\":[\"https:\/\/regalaunninot.com\/es\/ninot-papa-francisco-falla-falla-art-i-ciencia-regala-un-ninot\/\"]}]},{\"@type\":\"ImageObject\",\"inLanguage\":\"es\",\"@id\":\"https:\/\/regalaunninot.com\/es\/ninot-papa-francisco-falla-falla-art-i-ciencia-regala-un-ninot\/#primaryimage\",\"url\":\"https:\/\/regalaunninot.com\/wp-content\/uploads\/2024\/10\/ninot-san-jose.jpg\",\"contentUrl\":\"https:\/\/regalaunninot.com\/wp-content\/uploads\/2024\/10\/ninot-san-jose.jpg\",\"width\":1920,\"height\":1280,\"caption\":\"Ninot al Papa Francisco-regala-un-ninot-falla-ninot-personalizado\"},{\"@type\":\"BreadcrumbList\",\"@id\":\"https:\/\/regalaunninot.com\/es\/ninot-papa-francisco-falla-falla-art-i-ciencia-regala-un-ninot\/#breadcrumb\",\"itemListElement\":[{\"@type\":\"ListItem\",\"position\":1,\"name\":\"Inici\",\"item\":\"https:\/\/regalaunninot.com\/es\/\"},{\"@type\":\"ListItem\",\"position\":2,\"name\":\"Le regalan un ninot al Papa Francisco\"}]},{\"@type\":\"WebSite\",\"@id\":\"https:\/\/regalaunninot.com\/es\/#website\",\"url\":\"https:\/\/regalaunninot.com\/es\/\",\"name\":\"\ud83c\udf81 Regala Un Ninot \u200d\ud83c\udfa8\",\"description\":\"Regala la creatividad de nuestros artistas falleros y foguereros\",\"publisher\":{\"@id\":\"https:\/\/regalaunninot.com\/es\/#organization\"},\"potentialAction\":[{\"@type\":\"SearchAction\",\"target\":{\"@type\":\"EntryPoint\",\"urlTemplate\":\"https:\/\/regalaunninot.com\/es\/?s={search_term_string}\"},\"query-input\":{\"@type\":\"PropertyValueSpecification\",\"valueRequired\":true,\"valueName\":\"search_term_string\"}}],\"inLanguage\":\"es\"},{\"@type\":\"Organization\",\"@id\":\"https:\/\/regalaunninot.com\/es\/#organization\",\"name\":\"Regala Un Ninot\",\"url\":\"https:\/\/regalaunninot.com\/es\/\",\"logo\":{\"@type\":\"ImageObject\",\"inLanguage\":\"es\",\"@id\":\"https:\/\/regalaunninot.com\/es\/#\/schema\/logo\/image\/\",\"url\":\"https:\/\/regalaunninot.com\/wp-content\/uploads\/2020\/12\/logo-regala-un-ninot-h.png\",\"contentUrl\":\"https:\/\/regalaunninot.com\/wp-content\/uploads\/2020\/12\/logo-regala-un-ninot-h.png\",\"width\":1787,\"height\":705,\"caption\":\"Regala Un Ninot\"},\"image\":{\"@id\":\"https:\/\/regalaunninot.com\/es\/#\/schema\/logo\/image\/\"}},{\"@type\":\"Person\",\"@id\":\"https:\/\/regalaunninot.com\/es\/#\/schema\/person\/a075a4abc609442ae3a26b7236f10a85\",\"name\":\"Leonor Guarnizo\",\"image\":{\"@type\":\"ImageObject\",\"inLanguage\":\"es\",\"@id\":\"https:\/\/regalaunninot.com\/es\/#\/schema\/person\/image\/\",\"url\":\"https:\/\/secure.gravatar.com\/avatar\/53554051042a5a3603a010ce4f91f6391161f04e13f4415ceef45f79c20ec3ad?s=96&d=mm&r=g\",\"contentUrl\":\"https:\/\/secure.gravatar.com\/avatar\/53554051042a5a3603a010ce4f91f6391161f04e13f4415ceef45f79c20ec3ad?s=96&d=mm&r=g\",\"caption\":\"Leonor Guarnizo\"}}]}<\/script>\n<!-- \/ Yoast SEO Premium plugin. -->","yoast_head_json":{"title":"Le regalan un ninot al Papa Francisco | \ud83c\udf81 Regala Un Ninot \u200d\ud83c\udfa8","description":"La Falla Art i Ciencia con la visita especial al Vaticano le han regalado un ninot al Papa Francisco realizado por Regala Un Ninot.","robots":{"index":"index","follow":"follow","max-snippet":"max-snippet:-1","max-image-preview":"max-image-preview:large","max-video-preview":"max-video-preview:-1"},"canonical":"https:\/\/regalaunninot.com\/es\/ninot-papa-francisco-falla-falla-art-i-ciencia-regala-un-ninot\/","og_locale":"es_ES","og_type":"article","og_title":"Le regalan un ninot al Papa Francisco","og_description":"La Falla Art i Ciencia con la visita especial al Vaticano le han regalado un ninot al Papa Francisco realizado por Regala Un Ninot.","og_url":"https:\/\/regalaunninot.com\/es\/ninot-papa-francisco-falla-falla-art-i-ciencia-regala-un-ninot\/","og_site_name":"\ud83c\udf81 Regala Un Ninot \u200d\ud83c\udfa8","article_published_time":"2024-10-15T14:07:09+00:00","article_modified_time":"2024-10-15T14:07:11+00:00","og_image":[{"width":1920,"height":1280,"url":"https:\/\/regalaunninot.com\/wp-content\/uploads\/2024\/10\/ninot-san-jose.jpg","type":"image\/jpeg"}],"author":"Leonor Guarnizo","twitter_card":"summary_large_image","twitter_misc":{"Escrito por":"Leonor Guarnizo","Tiempo de lectura":"3 minutos"},"schema":{"@context":"https:\/\/schema.org","@graph":[{"@type":"Article","@id":"https:\/\/regalaunninot.com\/es\/ninot-papa-francisco-falla-falla-art-i-ciencia-regala-un-ninot\/#article","isPartOf":{"@id":"https:\/\/regalaunninot.com\/es\/ninot-papa-francisco-falla-falla-art-i-ciencia-regala-un-ninot\/"},"author":{"name":"Leonor Guarnizo","@id":"https:\/\/regalaunninot.com\/es\/#\/schema\/person\/a075a4abc609442ae3a26b7236f10a85"},"headline":"Le regalan un ninot al Papa Francisco","datePublished":"2024-10-15T14:07:09+00:00","dateModified":"2024-10-15T14:07:11+00:00","mainEntityOfPage":{"@id":"https:\/\/regalaunninot.com\/es\/ninot-papa-francisco-falla-falla-art-i-ciencia-regala-un-ninot\/"},"wordCount":562,"publisher":{"@id":"https:\/\/regalaunninot.com\/es\/#organization"},"image":{"@id":"https:\/\/regalaunninot.com\/es\/ninot-papa-francisco-falla-falla-art-i-ciencia-regala-un-ninot\/#primaryimage"},"thumbnailUrl":"https:\/\/regalaunninot.com\/wp-content\/uploads\/2024\/10\/ninot-san-jose.jpg","keywords":["artistas falleros","ninot de falla","ninot especial","ninot personalizado","ninot regalo","ninots con sentimiento","regala un ninot","tu ninot personalizado"],"articleSection":["Noticias de regala un ninot"],"inLanguage":"es"},{"@type":"WebPage","@id":"https:\/\/regalaunninot.com\/es\/ninot-papa-francisco-falla-falla-art-i-ciencia-regala-un-ninot\/","url":"https:\/\/regalaunninot.com\/es\/ninot-papa-francisco-falla-falla-art-i-ciencia-regala-un-ninot\/","name":"Le regalan un ninot al Papa Francisco | \ud83c\udf81 Regala Un Ninot \u200d\ud83c\udfa8","isPartOf":{"@id":"https:\/\/regalaunninot.com\/es\/#website"},"primaryImageOfPage":{"@id":"https:\/\/regalaunninot.com\/es\/ninot-papa-francisco-falla-falla-art-i-ciencia-regala-un-ninot\/#primaryimage"},"image":{"@id":"https:\/\/regalaunninot.com\/es\/ninot-papa-francisco-falla-falla-art-i-ciencia-regala-un-ninot\/#primaryimage"},"thumbnailUrl":"https:\/\/regalaunninot.com\/wp-content\/uploads\/2024\/10\/ninot-san-jose.jpg","datePublished":"2024-10-15T14:07:09+00:00","dateModified":"2024-10-15T14:07:11+00:00","description":"La Falla Art i Ciencia con la visita especial al Vaticano le han regalado un ninot al Papa Francisco realizado por Regala Un Ninot.","breadcrumb":{"@id":"https:\/\/regalaunninot.com\/es\/ninot-papa-francisco-falla-falla-art-i-ciencia-regala-un-ninot\/#breadcrumb"},"inLanguage":"es","potentialAction":[{"@type":"ReadAction","target":["https:\/\/regalaunninot.com\/es\/ninot-papa-francisco-falla-falla-art-i-ciencia-regala-un-ninot\/"]}]},{"@type":"ImageObject","inLanguage":"es","@id":"https:\/\/regalaunninot.com\/es\/ninot-papa-francisco-falla-falla-art-i-ciencia-regala-un-ninot\/#primaryimage","url":"https:\/\/regalaunninot.com\/wp-content\/uploads\/2024\/10\/ninot-san-jose.jpg","contentUrl":"https:\/\/regalaunninot.com\/wp-content\/uploads\/2024\/10\/ninot-san-jose.jpg","width":1920,"height":1280,"caption":"Ninot al Papa Francisco-regala-un-ninot-falla-ninot-personalizado"},{"@type":"BreadcrumbList","@id":"https:\/\/regalaunninot.com\/es\/ninot-papa-francisco-falla-falla-art-i-ciencia-regala-un-ninot\/#breadcrumb","itemListElement":[{"@type":"ListItem","position":1,"name":"Inici","item":"https:\/\/regalaunninot.com\/es\/"},{"@type":"ListItem","position":2,"name":"Le regalan un ninot al Papa Francisco"}]},{"@type":"WebSite","@id":"https:\/\/regalaunninot.com\/es\/#website","url":"https:\/\/regalaunninot.com\/es\/","name":"\ud83c\udf81 Regala Un Ninot \u200d\ud83c\udfa8","description":"Regala la creatividad de nuestros artistas falleros y foguereros","publisher":{"@id":"https:\/\/regalaunninot.com\/es\/#organization"},"potentialAction":[{"@type":"SearchAction","target":{"@type":"EntryPoint","urlTemplate":"https:\/\/regalaunninot.com\/es\/?s={search_term_string}"},"query-input":{"@type":"PropertyValueSpecification","valueRequired":true,"valueName":"search_term_string"}}],"inLanguage":"es"},{"@type":"Organization","@id":"https:\/\/regalaunninot.com\/es\/#organization","name":"Regala Un Ninot","url":"https:\/\/regalaunninot.com\/es\/","logo":{"@type":"ImageObject","inLanguage":"es","@id":"https:\/\/regalaunninot.com\/es\/#\/schema\/logo\/image\/","url":"https:\/\/regalaunninot.com\/wp-content\/uploads\/2020\/12\/logo-regala-un-ninot-h.png","contentUrl":"https:\/\/regalaunninot.com\/wp-content\/uploads\/2020\/12\/logo-regala-un-ninot-h.png","width":1787,"height":705,"caption":"Regala Un Ninot"},"image":{"@id":"https:\/\/regalaunninot.com\/es\/#\/schema\/logo\/image\/"}},{"@type":"Person","@id":"https:\/\/regalaunninot.com\/es\/#\/schema\/person\/a075a4abc609442ae3a26b7236f10a85","name":"Leonor Guarnizo","image":{"@type":"ImageObject","inLanguage":"es","@id":"https:\/\/regalaunninot.com\/es\/#\/schema\/person\/image\/","url":"https:\/\/secure.gravatar.com\/avatar\/53554051042a5a3603a010ce4f91f6391161f04e13f4415ceef45f79c20ec3ad?s=96&d=mm&r=g","contentUrl":"https:\/\/secure.gravatar.com\/avatar\/53554051042a5a3603a010ce4f91f6391161f04e13f4415ceef45f79c20ec3ad?s=96&d=mm&r=g","caption":"Leonor Guarnizo"}}]}},"_links":{"self":[{"href":"https:\/\/regalaunninot.com\/es\/wp-json\/wp\/v2\/posts\/10312","targetHints":{"allow":["GET"]}}],"collection":[{"href":"https:\/\/regalaunninot.com\/es\/wp-json\/wp\/v2\/posts"}],"about":[{"href":"https:\/\/regalaunninot.com\/es\/wp-json\/wp\/v2\/types\/post"}],"author":[{"embeddable":true,"href":"https:\/\/regalaunninot.com\/es\/wp-json\/wp\/v2\/users\/7"}],"replies":[{"embeddable":true,"href":"https:\/\/regalaunninot.com\/es\/wp-json\/wp\/v2\/comments?post=10312"}],"version-history":[{"count":4,"href":"https:\/\/regalaunninot.com\/es\/wp-json\/wp\/v2\/posts\/10312\/revisions"}],"predecessor-version":[{"id":10322,"href":"https:\/\/regalaunninot.com\/es\/wp-json\/wp\/v2\/posts\/10312\/revisions\/10322"}],"wp:featuredmedia":[{"embeddable":true,"href":"https:\/\/regalaunninot.com\/es\/wp-json\/wp\/v2\/media\/10315"}],"wp:attachment":[{"href":"https:\/\/regalaunninot.com\/es\/wp-json\/wp\/v2\/media?parent=10312"}],"wp:term":[{"taxonomy":"category","embeddable":true,"href":"https:\/\/regalaunninot.com\/es\/wp-json\/wp\/v2\/categories?post=10312"},{"taxonomy":"post_tag","embeddable":true,"href":"https:\/\/regalaunninot.com\/es\/wp-json\/wp\/v2\/tags?post=10312"}],"curies":[{"name":"wp","href":"https:\/\/api.w.org\/{rel}","templated":true}]}}