{"id":10393,"date":"2024-10-28T15:42:00","date_gmt":"2024-10-28T14:42:00","guid":{"rendered":"https:\/\/regalaunninot.com\/?p=10393"},"modified":"2024-10-28T15:42:01","modified_gmt":"2024-10-28T14:42:01","slug":"falla-para-congreso-aecc-castellana-decoracion-evento-valua","status":"publish","type":"post","link":"https:\/\/regalaunninot.com\/es\/falla-para-congreso-aecc-castellana-decoracion-evento-valua\/","title":{"rendered":"Una falla para la gala del XX Congreso AECC 2024"},"content":{"rendered":"\n<p>El XX Congreso de la Asociaci\u00f3n Espa\u00f1ol de Centros Comerciales 2024 (AECC) se ha celebrado en el Palacio de Congresos de la Comunidad Valencia. Del 23 al 25 de octubre se ha celebrado en Valencia este congreso, el cual ha reunido a Promotores, Gestores, Comerciantes, Inversores, Consultores, Centros y Parques Comerciales, Proveedores e Instituciones P\u00fablicas en un mismo lugar. <strong>Para la Gala ceremonial contaron con una falla decorativa para tematizar la finca, un punto focal para las fotograf\u00edas<\/strong>.\u00a0<\/p>\n\n\n\n<p>Un Congreso cuyo objetivo es premiar e impulsar la vida social y cultural desarrollada en los centros comerciales espa\u00f1oles a nivel nacional. Una oportunidad para hacer networking, y como centro decorativo del evento,<strong> Castellana Properties, patrocinador del evento, encarg\u00f3 una falla a <\/strong><a href=\"https:\/\/valuahub.com\/\" target=\"_blank\" rel=\"noreferrer noopener\"><strong>Valua<\/strong><\/a>. Un reclamo visual para promocionar Valencia, el congreso y su empresa.\u00a0<\/p>\n\n\n\n<h2 class=\"wp-block-heading\" id=\"h-el-entranable-diseno-de-la-falla-para-el-congreso-espanol-de-centros-comerciales\">El entra\u00f1able dise\u00f1o de la falla para El Congreso Espa\u00f1ol de Centros Comerciales<\/h2>\n\n\n\n<p><\/p>\n\n\n\n<p><strong>Castellana Properties, uno de los principales patrocinadores del XX Congreso AECC 2024, quer\u00edan que las fallas estuvieran presentes como acci\u00f3n comercial<\/strong>. Para ello, contactaron con Valua, empresa de tematizaci\u00f3n de espacios, decoraci\u00f3n de eventos y creaci\u00f3n de figuras art\u00edsticas con la tradici\u00f3n y versatilidad de los <a href=\"https:\/\/artistasfalleros.com\/\" target=\"_blank\" rel=\"noreferrer noopener\">artistas falleros<\/a>, para conseguirlo. Una <strong>falla para el congreso<\/strong> muy representativa de esta comunidad y con varios gui\u00f1os a la Asociaci\u00f3n Espa\u00f1ola de Centros Comerciales.\u00a0<\/p>\n\n\n\n<p><strong>En la falla decorativa para el congreso se ven las cuatro figuras que representan la gran festividad valenciana, las Fallas<\/strong>. Los cuatro personajes van vestidos de falleros, para representar la vestimenta de la terreta. Y el primer gui\u00f1o al congreso se encuentra en los colores de las telas de los trajes de falleros y falleras. La AECC tiene como colores corporativas verdes y azules claros verdosos, todo el traje de la mujer adulta es de estos colores. Despu\u00e9s, el chaleco del hombre por la parte interior tambi\u00e9n es de verde.<\/p>\n\n\n\n<figure class=\"wp-block-image size-large\"><img loading=\"lazy\" decoding=\"async\" width=\"1024\" height=\"768\" src=\"https:\/\/regalaunninot.com\/wp-content\/uploads\/2024\/10\/web1-falla-congreso-aecc-retocada-valua-1024x768.jpg\" alt=\"falla para el congreso AECC 2024-falla-decorativa-valua\" class=\"wp-image-10411\"\/><\/figure>\n\n\n\n<p><\/p>\n\n\n\n<p>Mientras que la vestimenta de los personajes infantiles de la falla para el congreso representan a los colores de Castellana Properties, marrones y naranjas. Tambi\u00e9n el color de la peana es verde, siguiendo los colores corporativos del evento. <strong>Por \u00faltimo, en la falla decorativa para el congreso se encuentra una familia para representar a los clientes de los centros comerciales espa\u00f1oles<\/strong>. Una tarde de compras se comparte con la familia, los amigos y la pareja.\u00a0<\/p>\n\n\n\n<h2 class=\"wp-block-heading\">Decoraciones para eventos y congresos realizadas por Valua<\/h2>\n\n\n\n<p><\/p>\n\n\n\n<p>Crear un punto visual atractivo en los eventos es un gran acierto, porque <strong>generan un impacto positivo en los asistentes a la vez que dotan del espacio con un espacio para fotografiarse como recuerdo<\/strong>. Pueden encontrar a la entrada del congreso como <a href=\"https:\/\/regalaunninot.com\/es\/decoracion-congreso-medico-semergen-valencia-2023\/\" target=\"_blank\" rel=\"noreferrer noopener\">la doctora que hicimos para SEMERGEN<\/a>, o en la gala de invitados como el caso del Congreso AECC. Incluso, estas decoraciones personalizadas pueden tematizar el escenario creando una <a href=\"https:\/\/regalaunninot.com\/es\/decoracion-evento-ron-barcelo-el-recenario-chef-aleix-puig\/\" target=\"_blank\" rel=\"noreferrer noopener\">puesta en escena \u00fanica como la de Ron Barcel\u00f3<\/a> en el evento de presentaci\u00f3n del libro \u201cEl Recenario\u201d.&nbsp;<\/p>\n\n\n\n<p><strong>Dentro del evento, congreso o feria estas decoraciones son un reclamo visual creativo, llamativo y personalizado<\/strong>. Una t\u00e1ctica de atracci\u00f3n como la que se emplean en los stands, en <strong>Valua<\/strong> tenemos tambi\u00e9n experiencia en tematizar stands, un ejemplo es <a href=\"https:\/\/regalaunninot.com\/es\/elementos-decorativos-stands-ferias-comerciales-internacionales\/\" target=\"_blank\" rel=\"noreferrer noopener\">la broca para Marena<\/a>. Tambi\u00e9n pueden decorar los propios centros comerciales, como <a href=\"https:\/\/regalaunninot.com\/es\/decoracion-san-valentin-street-marketing-valua\/\" target=\"_blank\" rel=\"noreferrer noopener\">el regalo gigante<\/a> por San Valent\u00edn del Centro Bonaire que ayudamos a detallar con un gran lazo. Si quieres una tematizaci\u00f3n, falla decorativa o figura art\u00edstica para tu congreso, evento o centro comercial, <a href=\"mailto:info@valuahub.com\" target=\"_blank\" rel=\"noreferrer noopener\">contacta con nosotros<\/a>, traeremos a la realidad tu idea.&nbsp;<\/p>\n","protected":false},"excerpt":{"rendered":"<p>El XX Congreso de la Asociaci\u00f3n Espa\u00f1ol de Centros Comerciales 2024 (AECC) se ha celebrado en el Palacio de Congresos de la Comunidad Valencia. Del 23 al 25 de octubre se ha celebrado en Valencia este congreso, el cual ha reunido a Promotores, Gestores, Comerciantes, Inversores, Consultores, Centros y Parques Comerciales, Proveedores e Instituciones P\u00fablicas [&hellip;]<\/p>\n","protected":false},"author":7,"featured_media":10413,"comment_status":"closed","ping_status":"closed","sticky":false,"template":"","format":"standard","meta":{"footnotes":""},"categories":[313],"tags":[1140,1151,1499,1830,1520,860,1057],"class_list":["post-10393","post","type-post","status-publish","format-standard","has-post-thumbnail","hentry","category-noticias-de-regala-un-ninot","tag-artistas-falleros-es","tag-decoracion","tag-decoracion-de-eventos","tag-decoracion-falla","tag-decoracion-original","tag-fallas-es","tag-fallas-de-valencia"],"acf":[],"yoast_head":"<!-- This site is optimized with the Yoast SEO Premium plugin v19.3 (Yoast SEO v26.5) - https:\/\/yoast.com\/wordpress\/plugins\/seo\/ -->\n<title>Una falla para la gala del XX Congreso AECC 2024 | Valua<\/title>\n<meta name=\"description\" content=\"Para la Gala ceremonial del Congreso AECC 2024, Castellana Properties, patrocinador del evento, encarg\u00f3 una falla decorativa a Valua.\" \/>\n<meta name=\"robots\" content=\"index, follow, max-snippet:-1, max-image-preview:large, max-video-preview:-1\" \/>\n<link rel=\"canonical\" href=\"https:\/\/regalaunninot.com\/es\/falla-para-congreso-aecc-castellana-decoracion-evento-valua\/\" \/>\n<meta property=\"og:locale\" content=\"es_ES\" \/>\n<meta property=\"og:type\" content=\"article\" \/>\n<meta property=\"og:title\" content=\"Una falla para la gala del XX Congreso AECC 2024\" \/>\n<meta property=\"og:description\" content=\"Para la Gala ceremonial del Congreso AECC 2024, Castellana Properties, patrocinador del evento, encarg\u00f3 una falla decorativa a Valua.\" \/>\n<meta property=\"og:url\" content=\"https:\/\/regalaunninot.com\/es\/falla-para-congreso-aecc-castellana-decoracion-evento-valua\/\" \/>\n<meta property=\"og:site_name\" content=\"\ud83c\udf81 Regala Un Ninot \u200d\ud83c\udfa8\" \/>\n<meta property=\"article:published_time\" content=\"2024-10-28T14:42:00+00:00\" \/>\n<meta property=\"article:modified_time\" content=\"2024-10-28T14:42:01+00:00\" \/>\n<meta property=\"og:image\" content=\"https:\/\/regalaunninot.com\/wp-content\/uploads\/2024\/10\/web1-falla-congreso-aecc-retocada-valua-1.jpg\" \/>\n\t<meta property=\"og:image:width\" content=\"2048\" \/>\n\t<meta property=\"og:image:height\" content=\"1536\" \/>\n\t<meta property=\"og:image:type\" content=\"image\/jpeg\" \/>\n<meta name=\"author\" content=\"Leonor Guarnizo\" \/>\n<meta name=\"twitter:card\" content=\"summary_large_image\" \/>\n<meta name=\"twitter:label1\" content=\"Escrito por\" \/>\n\t<meta name=\"twitter:data1\" content=\"Leonor Guarnizo\" \/>\n\t<meta name=\"twitter:label2\" content=\"Tiempo de lectura\" \/>\n\t<meta name=\"twitter:data2\" content=\"3 minutos\" \/>\n<script type=\"application\/ld+json\" class=\"yoast-schema-graph\">{\"@context\":\"https:\/\/schema.org\",\"@graph\":[{\"@type\":\"Article\",\"@id\":\"https:\/\/regalaunninot.com\/es\/falla-para-congreso-aecc-castellana-decoracion-evento-valua\/#article\",\"isPartOf\":{\"@id\":\"https:\/\/regalaunninot.com\/es\/falla-para-congreso-aecc-castellana-decoracion-evento-valua\/\"},\"author\":{\"name\":\"Leonor Guarnizo\",\"@id\":\"https:\/\/regalaunninot.com\/es\/#\/schema\/person\/a075a4abc609442ae3a26b7236f10a85\"},\"headline\":\"Una falla para la gala del XX Congreso AECC 2024\",\"datePublished\":\"2024-10-28T14:42:00+00:00\",\"dateModified\":\"2024-10-28T14:42:01+00:00\",\"mainEntityOfPage\":{\"@id\":\"https:\/\/regalaunninot.com\/es\/falla-para-congreso-aecc-castellana-decoracion-evento-valua\/\"},\"wordCount\":608,\"publisher\":{\"@id\":\"https:\/\/regalaunninot.com\/es\/#organization\"},\"image\":{\"@id\":\"https:\/\/regalaunninot.com\/es\/falla-para-congreso-aecc-castellana-decoracion-evento-valua\/#primaryimage\"},\"thumbnailUrl\":\"https:\/\/regalaunninot.com\/wp-content\/uploads\/2024\/10\/web1-falla-congreso-aecc-retocada-valua-1.jpg\",\"keywords\":[\"artistas falleros\",\"decoraci\u00f3n\",\"decoraci\u00f3n de eventos\",\"decoraci\u00f3n falla\",\"decoraci\u00f3n original\",\"fallas\",\"fallas de valencia\"],\"articleSection\":[\"Noticias de regala un ninot\"],\"inLanguage\":\"es\"},{\"@type\":\"WebPage\",\"@id\":\"https:\/\/regalaunninot.com\/es\/falla-para-congreso-aecc-castellana-decoracion-evento-valua\/\",\"url\":\"https:\/\/regalaunninot.com\/es\/falla-para-congreso-aecc-castellana-decoracion-evento-valua\/\",\"name\":\"Una falla para la gala del XX Congreso AECC 2024 | Valua\",\"isPartOf\":{\"@id\":\"https:\/\/regalaunninot.com\/es\/#website\"},\"primaryImageOfPage\":{\"@id\":\"https:\/\/regalaunninot.com\/es\/falla-para-congreso-aecc-castellana-decoracion-evento-valua\/#primaryimage\"},\"image\":{\"@id\":\"https:\/\/regalaunninot.com\/es\/falla-para-congreso-aecc-castellana-decoracion-evento-valua\/#primaryimage\"},\"thumbnailUrl\":\"https:\/\/regalaunninot.com\/wp-content\/uploads\/2024\/10\/web1-falla-congreso-aecc-retocada-valua-1.jpg\",\"datePublished\":\"2024-10-28T14:42:00+00:00\",\"dateModified\":\"2024-10-28T14:42:01+00:00\",\"description\":\"Para la Gala ceremonial del Congreso AECC 2024, Castellana Properties, patrocinador del evento, encarg\u00f3 una falla decorativa a Valua.\",\"breadcrumb\":{\"@id\":\"https:\/\/regalaunninot.com\/es\/falla-para-congreso-aecc-castellana-decoracion-evento-valua\/#breadcrumb\"},\"inLanguage\":\"es\",\"potentialAction\":[{\"@type\":\"ReadAction\",\"target\":[\"https:\/\/regalaunninot.com\/es\/falla-para-congreso-aecc-castellana-decoracion-evento-valua\/\"]}]},{\"@type\":\"ImageObject\",\"inLanguage\":\"es\",\"@id\":\"https:\/\/regalaunninot.com\/es\/falla-para-congreso-aecc-castellana-decoracion-evento-valua\/#primaryimage\",\"url\":\"https:\/\/regalaunninot.com\/wp-content\/uploads\/2024\/10\/web1-falla-congreso-aecc-retocada-valua-1.jpg\",\"contentUrl\":\"https:\/\/regalaunninot.com\/wp-content\/uploads\/2024\/10\/web1-falla-congreso-aecc-retocada-valua-1.jpg\",\"width\":2048,\"height\":1536,\"caption\":\"falla para el congreso AECC 2024-falla-decorativa-valua\"},{\"@type\":\"BreadcrumbList\",\"@id\":\"https:\/\/regalaunninot.com\/es\/falla-para-congreso-aecc-castellana-decoracion-evento-valua\/#breadcrumb\",\"itemListElement\":[{\"@type\":\"ListItem\",\"position\":1,\"name\":\"Inici\",\"item\":\"https:\/\/regalaunninot.com\/es\/\"},{\"@type\":\"ListItem\",\"position\":2,\"name\":\"Una falla para la gala del XX Congreso AECC 2024\"}]},{\"@type\":\"WebSite\",\"@id\":\"https:\/\/regalaunninot.com\/es\/#website\",\"url\":\"https:\/\/regalaunninot.com\/es\/\",\"name\":\"\ud83c\udf81 Regala Un Ninot \u200d\ud83c\udfa8\",\"description\":\"Regala la creatividad de nuestros artistas falleros y foguereros\",\"publisher\":{\"@id\":\"https:\/\/regalaunninot.com\/es\/#organization\"},\"potentialAction\":[{\"@type\":\"SearchAction\",\"target\":{\"@type\":\"EntryPoint\",\"urlTemplate\":\"https:\/\/regalaunninot.com\/es\/?s={search_term_string}\"},\"query-input\":{\"@type\":\"PropertyValueSpecification\",\"valueRequired\":true,\"valueName\":\"search_term_string\"}}],\"inLanguage\":\"es\"},{\"@type\":\"Organization\",\"@id\":\"https:\/\/regalaunninot.com\/es\/#organization\",\"name\":\"Regala Un Ninot\",\"url\":\"https:\/\/regalaunninot.com\/es\/\",\"logo\":{\"@type\":\"ImageObject\",\"inLanguage\":\"es\",\"@id\":\"https:\/\/regalaunninot.com\/es\/#\/schema\/logo\/image\/\",\"url\":\"https:\/\/regalaunninot.com\/wp-content\/uploads\/2020\/12\/logo-regala-un-ninot-h.png\",\"contentUrl\":\"https:\/\/regalaunninot.com\/wp-content\/uploads\/2020\/12\/logo-regala-un-ninot-h.png\",\"width\":1787,\"height\":705,\"caption\":\"Regala Un Ninot\"},\"image\":{\"@id\":\"https:\/\/regalaunninot.com\/es\/#\/schema\/logo\/image\/\"}},{\"@type\":\"Person\",\"@id\":\"https:\/\/regalaunninot.com\/es\/#\/schema\/person\/a075a4abc609442ae3a26b7236f10a85\",\"name\":\"Leonor Guarnizo\",\"image\":{\"@type\":\"ImageObject\",\"inLanguage\":\"es\",\"@id\":\"https:\/\/regalaunninot.com\/es\/#\/schema\/person\/image\/\",\"url\":\"https:\/\/secure.gravatar.com\/avatar\/53554051042a5a3603a010ce4f91f6391161f04e13f4415ceef45f79c20ec3ad?s=96&d=mm&r=g\",\"contentUrl\":\"https:\/\/secure.gravatar.com\/avatar\/53554051042a5a3603a010ce4f91f6391161f04e13f4415ceef45f79c20ec3ad?s=96&d=mm&r=g\",\"caption\":\"Leonor Guarnizo\"}}]}<\/script>\n<!-- \/ Yoast SEO Premium plugin. -->","yoast_head_json":{"title":"Una falla para la gala del XX Congreso AECC 2024 | Valua","description":"Para la Gala ceremonial del Congreso AECC 2024, Castellana Properties, patrocinador del evento, encarg\u00f3 una falla decorativa a Valua.","robots":{"index":"index","follow":"follow","max-snippet":"max-snippet:-1","max-image-preview":"max-image-preview:large","max-video-preview":"max-video-preview:-1"},"canonical":"https:\/\/regalaunninot.com\/es\/falla-para-congreso-aecc-castellana-decoracion-evento-valua\/","og_locale":"es_ES","og_type":"article","og_title":"Una falla para la gala del XX Congreso AECC 2024","og_description":"Para la Gala ceremonial del Congreso AECC 2024, Castellana Properties, patrocinador del evento, encarg\u00f3 una falla decorativa a Valua.","og_url":"https:\/\/regalaunninot.com\/es\/falla-para-congreso-aecc-castellana-decoracion-evento-valua\/","og_site_name":"\ud83c\udf81 Regala Un Ninot \u200d\ud83c\udfa8","article_published_time":"2024-10-28T14:42:00+00:00","article_modified_time":"2024-10-28T14:42:01+00:00","og_image":[{"width":2048,"height":1536,"url":"https:\/\/regalaunninot.com\/wp-content\/uploads\/2024\/10\/web1-falla-congreso-aecc-retocada-valua-1.jpg","type":"image\/jpeg"}],"author":"Leonor Guarnizo","twitter_card":"summary_large_image","twitter_misc":{"Escrito por":"Leonor Guarnizo","Tiempo de lectura":"3 minutos"},"schema":{"@context":"https:\/\/schema.org","@graph":[{"@type":"Article","@id":"https:\/\/regalaunninot.com\/es\/falla-para-congreso-aecc-castellana-decoracion-evento-valua\/#article","isPartOf":{"@id":"https:\/\/regalaunninot.com\/es\/falla-para-congreso-aecc-castellana-decoracion-evento-valua\/"},"author":{"name":"Leonor Guarnizo","@id":"https:\/\/regalaunninot.com\/es\/#\/schema\/person\/a075a4abc609442ae3a26b7236f10a85"},"headline":"Una falla para la gala del XX Congreso AECC 2024","datePublished":"2024-10-28T14:42:00+00:00","dateModified":"2024-10-28T14:42:01+00:00","mainEntityOfPage":{"@id":"https:\/\/regalaunninot.com\/es\/falla-para-congreso-aecc-castellana-decoracion-evento-valua\/"},"wordCount":608,"publisher":{"@id":"https:\/\/regalaunninot.com\/es\/#organization"},"image":{"@id":"https:\/\/regalaunninot.com\/es\/falla-para-congreso-aecc-castellana-decoracion-evento-valua\/#primaryimage"},"thumbnailUrl":"https:\/\/regalaunninot.com\/wp-content\/uploads\/2024\/10\/web1-falla-congreso-aecc-retocada-valua-1.jpg","keywords":["artistas falleros","decoraci\u00f3n","decoraci\u00f3n de eventos","decoraci\u00f3n falla","decoraci\u00f3n original","fallas","fallas de valencia"],"articleSection":["Noticias de regala un ninot"],"inLanguage":"es"},{"@type":"WebPage","@id":"https:\/\/regalaunninot.com\/es\/falla-para-congreso-aecc-castellana-decoracion-evento-valua\/","url":"https:\/\/regalaunninot.com\/es\/falla-para-congreso-aecc-castellana-decoracion-evento-valua\/","name":"Una falla para la gala del XX Congreso AECC 2024 | Valua","isPartOf":{"@id":"https:\/\/regalaunninot.com\/es\/#website"},"primaryImageOfPage":{"@id":"https:\/\/regalaunninot.com\/es\/falla-para-congreso-aecc-castellana-decoracion-evento-valua\/#primaryimage"},"image":{"@id":"https:\/\/regalaunninot.com\/es\/falla-para-congreso-aecc-castellana-decoracion-evento-valua\/#primaryimage"},"thumbnailUrl":"https:\/\/regalaunninot.com\/wp-content\/uploads\/2024\/10\/web1-falla-congreso-aecc-retocada-valua-1.jpg","datePublished":"2024-10-28T14:42:00+00:00","dateModified":"2024-10-28T14:42:01+00:00","description":"Para la Gala ceremonial del Congreso AECC 2024, Castellana Properties, patrocinador del evento, encarg\u00f3 una falla decorativa a Valua.","breadcrumb":{"@id":"https:\/\/regalaunninot.com\/es\/falla-para-congreso-aecc-castellana-decoracion-evento-valua\/#breadcrumb"},"inLanguage":"es","potentialAction":[{"@type":"ReadAction","target":["https:\/\/regalaunninot.com\/es\/falla-para-congreso-aecc-castellana-decoracion-evento-valua\/"]}]},{"@type":"ImageObject","inLanguage":"es","@id":"https:\/\/regalaunninot.com\/es\/falla-para-congreso-aecc-castellana-decoracion-evento-valua\/#primaryimage","url":"https:\/\/regalaunninot.com\/wp-content\/uploads\/2024\/10\/web1-falla-congreso-aecc-retocada-valua-1.jpg","contentUrl":"https:\/\/regalaunninot.com\/wp-content\/uploads\/2024\/10\/web1-falla-congreso-aecc-retocada-valua-1.jpg","width":2048,"height":1536,"caption":"falla para el congreso AECC 2024-falla-decorativa-valua"},{"@type":"BreadcrumbList","@id":"https:\/\/regalaunninot.com\/es\/falla-para-congreso-aecc-castellana-decoracion-evento-valua\/#breadcrumb","itemListElement":[{"@type":"ListItem","position":1,"name":"Inici","item":"https:\/\/regalaunninot.com\/es\/"},{"@type":"ListItem","position":2,"name":"Una falla para la gala del XX Congreso AECC 2024"}]},{"@type":"WebSite","@id":"https:\/\/regalaunninot.com\/es\/#website","url":"https:\/\/regalaunninot.com\/es\/","name":"\ud83c\udf81 Regala Un Ninot \u200d\ud83c\udfa8","description":"Regala la creatividad de nuestros artistas falleros y foguereros","publisher":{"@id":"https:\/\/regalaunninot.com\/es\/#organization"},"potentialAction":[{"@type":"SearchAction","target":{"@type":"EntryPoint","urlTemplate":"https:\/\/regalaunninot.com\/es\/?s={search_term_string}"},"query-input":{"@type":"PropertyValueSpecification","valueRequired":true,"valueName":"search_term_string"}}],"inLanguage":"es"},{"@type":"Organization","@id":"https:\/\/regalaunninot.com\/es\/#organization","name":"Regala Un Ninot","url":"https:\/\/regalaunninot.com\/es\/","logo":{"@type":"ImageObject","inLanguage":"es","@id":"https:\/\/regalaunninot.com\/es\/#\/schema\/logo\/image\/","url":"https:\/\/regalaunninot.com\/wp-content\/uploads\/2020\/12\/logo-regala-un-ninot-h.png","contentUrl":"https:\/\/regalaunninot.com\/wp-content\/uploads\/2020\/12\/logo-regala-un-ninot-h.png","width":1787,"height":705,"caption":"Regala Un Ninot"},"image":{"@id":"https:\/\/regalaunninot.com\/es\/#\/schema\/logo\/image\/"}},{"@type":"Person","@id":"https:\/\/regalaunninot.com\/es\/#\/schema\/person\/a075a4abc609442ae3a26b7236f10a85","name":"Leonor Guarnizo","image":{"@type":"ImageObject","inLanguage":"es","@id":"https:\/\/regalaunninot.com\/es\/#\/schema\/person\/image\/","url":"https:\/\/secure.gravatar.com\/avatar\/53554051042a5a3603a010ce4f91f6391161f04e13f4415ceef45f79c20ec3ad?s=96&d=mm&r=g","contentUrl":"https:\/\/secure.gravatar.com\/avatar\/53554051042a5a3603a010ce4f91f6391161f04e13f4415ceef45f79c20ec3ad?s=96&d=mm&r=g","caption":"Leonor Guarnizo"}}]}},"_links":{"self":[{"href":"https:\/\/regalaunninot.com\/es\/wp-json\/wp\/v2\/posts\/10393","targetHints":{"allow":["GET"]}}],"collection":[{"href":"https:\/\/regalaunninot.com\/es\/wp-json\/wp\/v2\/posts"}],"about":[{"href":"https:\/\/regalaunninot.com\/es\/wp-json\/wp\/v2\/types\/post"}],"author":[{"embeddable":true,"href":"https:\/\/regalaunninot.com\/es\/wp-json\/wp\/v2\/users\/7"}],"replies":[{"embeddable":true,"href":"https:\/\/regalaunninot.com\/es\/wp-json\/wp\/v2\/comments?post=10393"}],"version-history":[{"count":5,"href":"https:\/\/regalaunninot.com\/es\/wp-json\/wp\/v2\/posts\/10393\/revisions"}],"predecessor-version":[{"id":10416,"href":"https:\/\/regalaunninot.com\/es\/wp-json\/wp\/v2\/posts\/10393\/revisions\/10416"}],"wp:featuredmedia":[{"embeddable":true,"href":"https:\/\/regalaunninot.com\/es\/wp-json\/wp\/v2\/media\/10413"}],"wp:attachment":[{"href":"https:\/\/regalaunninot.com\/es\/wp-json\/wp\/v2\/media?parent=10393"}],"wp:term":[{"taxonomy":"category","embeddable":true,"href":"https:\/\/regalaunninot.com\/es\/wp-json\/wp\/v2\/categories?post=10393"},{"taxonomy":"post_tag","embeddable":true,"href":"https:\/\/regalaunninot.com\/es\/wp-json\/wp\/v2\/tags?post=10393"}],"curies":[{"name":"wp","href":"https:\/\/api.w.org\/{rel}","templated":true}]}}