{"id":10730,"date":"2024-12-19T13:14:58","date_gmt":"2024-12-19T12:14:58","guid":{"rendered":"https:\/\/regalaunninot.com\/?p=10730"},"modified":"2024-12-19T13:41:27","modified_gmt":"2024-12-19T12:41:27","slug":"belen-navideno-decoracion-navidad-godella-valua","status":"publish","type":"post","link":"https:\/\/regalaunninot.com\/es\/belen-navideno-decoracion-navidad-godella-valua\/","title":{"rendered":"Godella ya ha entrado en Navidad con su bel\u00e9n"},"content":{"rendered":"\n<p>Llega diciembre y eso significa que toca poner el bel\u00e9n para arrancar la \u00e9poca navide\u00f1a. Godella ya tiene su bel\u00e9n en la Llotgeta de la Iglesia de San Bartolom\u00e9, al lado del Ayuntamiento. <strong>Gracias a <\/strong><a href=\"https:\/\/valuahub.com\/\" target=\"_blank\" rel=\"noreferrer noopener\"><strong>Valua<\/strong><\/a><strong>, este a\u00f1o los habitantes del pueblo van a disfrutar de un bel\u00e9n grande y personalizado, adem\u00e1s de tradicional y artesano<\/strong>.<\/p>\n\n\n\n<p><strong>La estampa navide\u00f1a en Espa\u00f1a es el Bel\u00e9n, todo el mundo en sus casas tiene uno, es una decoraci\u00f3n imprescindible<\/strong>. Cuanto m\u00e1s grande, m\u00e1s espectacular y m\u00e1s gusta. El ayuntamiento de Godella este a\u00f1o ha querido tener un bel\u00e9n impactante con figuras a escala real. Y Valua, empresa de tematizaci\u00f3n de espacios, decoraci\u00f3n de eventos y creaci\u00f3n de figuras art\u00edsticas con la tradici\u00f3n y versatilidad de los <a href=\"https:\/\/artistasfalleros.com\/\" target=\"_blank\" rel=\"noreferrer noopener\">artistas falleros<\/a>, se ha encargado de crearlo.&nbsp;<\/p>\n\n\n\n<h2 class=\"wp-block-heading\" id=\"h-el-belen-de-godella-creado-por-valua\">El bel\u00e9n de Godella creado por Valua<\/h2>\n\n\n\n<p><\/p>\n\n\n\n<p><strong>La virgen Mar\u00eda, San Jos\u00e9 y el Ni\u00f1o Jes\u00fas, acompa\u00f1ados de la burra y el buey, el bel\u00e9n al completo de Godella de <\/strong><a href=\"https:\/\/artistasfalleros.com\/figuras-a-escala\/\" target=\"_blank\" rel=\"noreferrer noopener\"><strong>figuras a escala real<\/strong><\/a><strong> creado por Valua<\/strong>. Una decoraci\u00f3n navide\u00f1a que llena el pueblo de esp\u00edritu festivo. Cada personaje se ha modelado en porexpan con mucho cari\u00f1o y detalle.&nbsp;<\/p>\n\n\n\n<figure class=\"wp-block-image size-large\"><img loading=\"lazy\" decoding=\"async\" width=\"1024\" height=\"768\" src=\"https:\/\/regalaunninot.com\/wp-content\/uploads\/2024\/12\/web2-belen-godella-valuabuena-1024x768.jpg\" alt=\"bel\u00e9n modela\" class=\"wp-image-10740\"\/><\/figure>\n\n\n\n<p><\/p>\n\n\n\n<p><strong>Es un bel\u00e9n navide\u00f1o con acabado realista, una reproducci\u00f3n de la imagen navide\u00f1a por excelencia<\/strong>. El trabajo en pintura ha sido excelente, para replicar la textura y est\u00e9tica de las figuras de belenes que se ponen en casa. Tal es el detalle que se nota el movimiento de las ropas, como caen a la perfecci\u00f3n y se crean los pliegos. Un San Jos\u00e9 de un metro ochenta, que marcaba la proporci\u00f3n para el resto de figuras.&nbsp;<\/p>\n\n\n\n<p>Acompa\u00f1ando a la familia, estaban los dos animales representativos la mula y el buey. <strong>Para personalizar este bel\u00e9n de Godella a\u00fan m\u00e1s se cambi\u00f3 la posici\u00f3n de la mula, en la mayor\u00eda est\u00e1 acostada, pero en este est\u00e1 de pie<\/strong>. Para que tuviese un toque creativo diferente, igual que se crearon las dos esquinas que limitan la casa de la Virgen Mar\u00eda y San Jos\u00e9 para que fuese una imagen centrada.<\/p>\n\n\n\n<figure class=\"wp-block-image size-large\"><img loading=\"lazy\" decoding=\"async\" width=\"1024\" height=\"768\" src=\"https:\/\/regalaunninot.com\/wp-content\/uploads\/2024\/12\/web3buenabuena-belen-godella-valua-1024x768.jpg\" alt=\"bel\u00e9n godella- valua\" class=\"wp-image-10742\"\/><\/figure>\n\n\n\n<p><\/p>\n\n\n\n<h2 class=\"wp-block-heading\">Decoraciones de Navidad creadas por Valua<\/h2>\n\n\n\n<p><\/p>\n\n\n\n<p><strong>En Valua tambi\u00e9n traemos la Navidad a los comercios, no solo a los pueblos<\/strong>. Para la concept Store de WOW en Madrid dise\u00f1amos y realizamos dos \u00e1rboles de tres metros con adornos personalizados. Creamos una decoraci\u00f3n navide\u00f1a \u00fanica para ellos, con un toque de creatividad extra en los ornamentos, inspirados en 26 marcas que venden. Ning\u00fan otro comercio va a tener una decoraci\u00f3n de retail navide\u00f1a igual a ellos.&nbsp;<\/p>\n\n\n\n<p>La Navidad es una \u00e9poca m\u00e1gica, y nos encanta acompa\u00f1ar a nuestros clientes ayud\u00e1ndoles a repartir el esp\u00edritu navide\u00f1o. Aunque tambi\u00e9n nos gusta acompa\u00f1ar a quienes conf\u00edan en nosotros durante todo el a\u00f1o con figuras decorativas atemporales, como <a href=\"https:\/\/regalaunninot.com\/es\/tematizacion-espacio-exterior-marins-beach-club-mallorca-figura-artistica-hipopotamo-valua\/\" target=\"_blank\" rel=\"noreferrer noopener\">el hipop\u00f3tamo de Marins<\/a>, que custodia la zona de la piscina del Beach Club. O <a href=\"https:\/\/regalaunninot.com\/es\/decoracion-club-discoteca-personalizada-xairo-campoamor-valua\/\" target=\"_blank\" rel=\"noreferrer noopener\">el gorila gigante rojo pasi\u00f3n<\/a> que da la bienvenida a los clientes de la discoteca Xairo Campoamor. <strong>Si necesitas una decoraci\u00f3n navide\u00f1a o realizar un proyecto de tematizaci\u00f3n de un espacio, <\/strong><a href=\"mailto:info@valuahub.com\" target=\"_blank\" rel=\"noreferrer noopener\"><strong>contacta con nosotros<\/strong><\/a><strong> y traeremos a la realidad tu idea<\/strong>.&nbsp;<\/p>\n","protected":false},"excerpt":{"rendered":"<p>Llega diciembre y eso significa que toca poner el bel\u00e9n para arrancar la \u00e9poca navide\u00f1a. Godella ya tiene su bel\u00e9n en la Llotgeta de la Iglesia de San Bartolom\u00e9, al lado del Ayuntamiento. Gracias a Valua, este a\u00f1o los habitantes del pueblo van a disfrutar de un bel\u00e9n grande y personalizado, adem\u00e1s de tradicional y [&hellip;]<\/p>\n","protected":false},"author":7,"featured_media":10744,"comment_status":"closed","ping_status":"closed","sticky":false,"template":"","format":"standard","meta":{"footnotes":""},"categories":[313],"tags":[1867,1503,1151,1528,1850,1094,1104],"class_list":["post-10730","post","type-post","status-publish","format-standard","has-post-thumbnail","hentry","category-noticias-de-regala-un-ninot","tag-belen","tag-belen-monumental","tag-decoracion","tag-decoracion-de-espacios","tag-decoracion-navidad","tag-navidad-es","tag-navidad-en-valencia"],"acf":[],"yoast_head":"<!-- This site is optimized with the Yoast SEO Premium plugin v19.3 (Yoast SEO v26.5) - https:\/\/yoast.com\/wordpress\/plugins\/seo\/ -->\n<title>Godella ya ha entrado en Navidad con su bel\u00e9n | Valua \ud83c\udfa8<\/title>\n<meta name=\"description\" content=\"Godella ya tiene su bel\u00e9n, gracias a Valua van a disfrutar de un bel\u00e9n grande y personalizado, adem\u00e1s de tradicional y artesano.\" \/>\n<meta name=\"robots\" content=\"index, follow, max-snippet:-1, max-image-preview:large, max-video-preview:-1\" \/>\n<link rel=\"canonical\" href=\"https:\/\/regalaunninot.com\/es\/belen-navideno-decoracion-navidad-godella-valua\/\" \/>\n<meta property=\"og:locale\" content=\"es_ES\" \/>\n<meta property=\"og:type\" content=\"article\" \/>\n<meta property=\"og:title\" content=\"Godella ya ha entrado en Navidad con su bel\u00e9n\" \/>\n<meta property=\"og:description\" content=\"Godella ya tiene su bel\u00e9n, gracias a Valua van a disfrutar de un bel\u00e9n grande y personalizado, adem\u00e1s de tradicional y artesano.\" \/>\n<meta property=\"og:url\" content=\"https:\/\/regalaunninot.com\/es\/belen-navideno-decoracion-navidad-godella-valua\/\" \/>\n<meta property=\"og:site_name\" content=\"\ud83c\udf81 Regala Un Ninot \u200d\ud83c\udfa8\" \/>\n<meta property=\"article:published_time\" content=\"2024-12-19T12:14:58+00:00\" \/>\n<meta property=\"article:modified_time\" content=\"2024-12-19T12:41:27+00:00\" \/>\n<meta property=\"og:image\" content=\"https:\/\/regalaunninot.com\/wp-content\/uploads\/2024\/12\/webprincipalbuena-belen-godella-valua.jpg\" \/>\n\t<meta property=\"og:image:width\" content=\"2048\" \/>\n\t<meta property=\"og:image:height\" content=\"1536\" \/>\n\t<meta property=\"og:image:type\" content=\"image\/jpeg\" \/>\n<meta name=\"author\" content=\"Leonor Guarnizo\" \/>\n<meta name=\"twitter:card\" content=\"summary_large_image\" \/>\n<meta name=\"twitter:label1\" content=\"Escrito por\" \/>\n\t<meta name=\"twitter:data1\" content=\"Leonor Guarnizo\" \/>\n\t<meta name=\"twitter:label2\" content=\"Tiempo de lectura\" \/>\n\t<meta name=\"twitter:data2\" content=\"3 minutos\" \/>\n<script type=\"application\/ld+json\" class=\"yoast-schema-graph\">{\"@context\":\"https:\/\/schema.org\",\"@graph\":[{\"@type\":\"Article\",\"@id\":\"https:\/\/regalaunninot.com\/es\/belen-navideno-decoracion-navidad-godella-valua\/#article\",\"isPartOf\":{\"@id\":\"https:\/\/regalaunninot.com\/es\/belen-navideno-decoracion-navidad-godella-valua\/\"},\"author\":{\"name\":\"Leonor Guarnizo\",\"@id\":\"https:\/\/regalaunninot.com\/es\/#\/schema\/person\/a075a4abc609442ae3a26b7236f10a85\"},\"headline\":\"Godella ya ha entrado en Navidad con su bel\u00e9n\",\"datePublished\":\"2024-12-19T12:14:58+00:00\",\"dateModified\":\"2024-12-19T12:41:27+00:00\",\"mainEntityOfPage\":{\"@id\":\"https:\/\/regalaunninot.com\/es\/belen-navideno-decoracion-navidad-godella-valua\/\"},\"wordCount\":584,\"publisher\":{\"@id\":\"https:\/\/regalaunninot.com\/es\/#organization\"},\"image\":{\"@id\":\"https:\/\/regalaunninot.com\/es\/belen-navideno-decoracion-navidad-godella-valua\/#primaryimage\"},\"thumbnailUrl\":\"https:\/\/regalaunninot.com\/wp-content\/uploads\/2024\/12\/webprincipalbuena-belen-godella-valua.jpg\",\"keywords\":[\"bel\u00e9n\",\"bel\u00e9n monumental\",\"decoraci\u00f3n\",\"decoraci\u00f3n de espacios\",\"decoraci\u00f3n navidad\",\"navidad\",\"navidad en valencia\"],\"articleSection\":[\"Noticias de regala un ninot\"],\"inLanguage\":\"es\"},{\"@type\":\"WebPage\",\"@id\":\"https:\/\/regalaunninot.com\/es\/belen-navideno-decoracion-navidad-godella-valua\/\",\"url\":\"https:\/\/regalaunninot.com\/es\/belen-navideno-decoracion-navidad-godella-valua\/\",\"name\":\"Godella ya ha entrado en Navidad con su bel\u00e9n | Valua \ud83c\udfa8\",\"isPartOf\":{\"@id\":\"https:\/\/regalaunninot.com\/es\/#website\"},\"primaryImageOfPage\":{\"@id\":\"https:\/\/regalaunninot.com\/es\/belen-navideno-decoracion-navidad-godella-valua\/#primaryimage\"},\"image\":{\"@id\":\"https:\/\/regalaunninot.com\/es\/belen-navideno-decoracion-navidad-godella-valua\/#primaryimage\"},\"thumbnailUrl\":\"https:\/\/regalaunninot.com\/wp-content\/uploads\/2024\/12\/webprincipalbuena-belen-godella-valua.jpg\",\"datePublished\":\"2024-12-19T12:14:58+00:00\",\"dateModified\":\"2024-12-19T12:41:27+00:00\",\"description\":\"Godella ya tiene su bel\u00e9n, gracias a Valua van a disfrutar de un bel\u00e9n grande y personalizado, adem\u00e1s de tradicional y artesano.\",\"breadcrumb\":{\"@id\":\"https:\/\/regalaunninot.com\/es\/belen-navideno-decoracion-navidad-godella-valua\/#breadcrumb\"},\"inLanguage\":\"es\",\"potentialAction\":[{\"@type\":\"ReadAction\",\"target\":[\"https:\/\/regalaunninot.com\/es\/belen-navideno-decoracion-navidad-godella-valua\/\"]}]},{\"@type\":\"ImageObject\",\"inLanguage\":\"es\",\"@id\":\"https:\/\/regalaunninot.com\/es\/belen-navideno-decoracion-navidad-godella-valua\/#primaryimage\",\"url\":\"https:\/\/regalaunninot.com\/wp-content\/uploads\/2024\/12\/webprincipalbuena-belen-godella-valua.jpg\",\"contentUrl\":\"https:\/\/regalaunninot.com\/wp-content\/uploads\/2024\/12\/webprincipalbuena-belen-godella-valua.jpg\",\"width\":2048,\"height\":1536,\"caption\":\"bel\u00e9n godella valua\"},{\"@type\":\"BreadcrumbList\",\"@id\":\"https:\/\/regalaunninot.com\/es\/belen-navideno-decoracion-navidad-godella-valua\/#breadcrumb\",\"itemListElement\":[{\"@type\":\"ListItem\",\"position\":1,\"name\":\"Inici\",\"item\":\"https:\/\/regalaunninot.com\/es\/\"},{\"@type\":\"ListItem\",\"position\":2,\"name\":\"Godella ya ha entrado en Navidad con su bel\u00e9n\"}]},{\"@type\":\"WebSite\",\"@id\":\"https:\/\/regalaunninot.com\/es\/#website\",\"url\":\"https:\/\/regalaunninot.com\/es\/\",\"name\":\"\ud83c\udf81 Regala Un Ninot \u200d\ud83c\udfa8\",\"description\":\"Regala la creatividad de nuestros artistas falleros y foguereros\",\"publisher\":{\"@id\":\"https:\/\/regalaunninot.com\/es\/#organization\"},\"potentialAction\":[{\"@type\":\"SearchAction\",\"target\":{\"@type\":\"EntryPoint\",\"urlTemplate\":\"https:\/\/regalaunninot.com\/es\/?s={search_term_string}\"},\"query-input\":{\"@type\":\"PropertyValueSpecification\",\"valueRequired\":true,\"valueName\":\"search_term_string\"}}],\"inLanguage\":\"es\"},{\"@type\":\"Organization\",\"@id\":\"https:\/\/regalaunninot.com\/es\/#organization\",\"name\":\"Regala Un Ninot\",\"url\":\"https:\/\/regalaunninot.com\/es\/\",\"logo\":{\"@type\":\"ImageObject\",\"inLanguage\":\"es\",\"@id\":\"https:\/\/regalaunninot.com\/es\/#\/schema\/logo\/image\/\",\"url\":\"https:\/\/regalaunninot.com\/wp-content\/uploads\/2020\/12\/logo-regala-un-ninot-h.png\",\"contentUrl\":\"https:\/\/regalaunninot.com\/wp-content\/uploads\/2020\/12\/logo-regala-un-ninot-h.png\",\"width\":1787,\"height\":705,\"caption\":\"Regala Un Ninot\"},\"image\":{\"@id\":\"https:\/\/regalaunninot.com\/es\/#\/schema\/logo\/image\/\"}},{\"@type\":\"Person\",\"@id\":\"https:\/\/regalaunninot.com\/es\/#\/schema\/person\/a075a4abc609442ae3a26b7236f10a85\",\"name\":\"Leonor Guarnizo\",\"image\":{\"@type\":\"ImageObject\",\"inLanguage\":\"es\",\"@id\":\"https:\/\/regalaunninot.com\/es\/#\/schema\/person\/image\/\",\"url\":\"https:\/\/secure.gravatar.com\/avatar\/53554051042a5a3603a010ce4f91f6391161f04e13f4415ceef45f79c20ec3ad?s=96&d=mm&r=g\",\"contentUrl\":\"https:\/\/secure.gravatar.com\/avatar\/53554051042a5a3603a010ce4f91f6391161f04e13f4415ceef45f79c20ec3ad?s=96&d=mm&r=g\",\"caption\":\"Leonor Guarnizo\"}}]}<\/script>\n<!-- \/ Yoast SEO Premium plugin. -->","yoast_head_json":{"title":"Godella ya ha entrado en Navidad con su bel\u00e9n | Valua \ud83c\udfa8","description":"Godella ya tiene su bel\u00e9n, gracias a Valua van a disfrutar de un bel\u00e9n grande y personalizado, adem\u00e1s de tradicional y artesano.","robots":{"index":"index","follow":"follow","max-snippet":"max-snippet:-1","max-image-preview":"max-image-preview:large","max-video-preview":"max-video-preview:-1"},"canonical":"https:\/\/regalaunninot.com\/es\/belen-navideno-decoracion-navidad-godella-valua\/","og_locale":"es_ES","og_type":"article","og_title":"Godella ya ha entrado en Navidad con su bel\u00e9n","og_description":"Godella ya tiene su bel\u00e9n, gracias a Valua van a disfrutar de un bel\u00e9n grande y personalizado, adem\u00e1s de tradicional y artesano.","og_url":"https:\/\/regalaunninot.com\/es\/belen-navideno-decoracion-navidad-godella-valua\/","og_site_name":"\ud83c\udf81 Regala Un Ninot \u200d\ud83c\udfa8","article_published_time":"2024-12-19T12:14:58+00:00","article_modified_time":"2024-12-19T12:41:27+00:00","og_image":[{"width":2048,"height":1536,"url":"https:\/\/regalaunninot.com\/wp-content\/uploads\/2024\/12\/webprincipalbuena-belen-godella-valua.jpg","type":"image\/jpeg"}],"author":"Leonor Guarnizo","twitter_card":"summary_large_image","twitter_misc":{"Escrito por":"Leonor Guarnizo","Tiempo de lectura":"3 minutos"},"schema":{"@context":"https:\/\/schema.org","@graph":[{"@type":"Article","@id":"https:\/\/regalaunninot.com\/es\/belen-navideno-decoracion-navidad-godella-valua\/#article","isPartOf":{"@id":"https:\/\/regalaunninot.com\/es\/belen-navideno-decoracion-navidad-godella-valua\/"},"author":{"name":"Leonor Guarnizo","@id":"https:\/\/regalaunninot.com\/es\/#\/schema\/person\/a075a4abc609442ae3a26b7236f10a85"},"headline":"Godella ya ha entrado en Navidad con su bel\u00e9n","datePublished":"2024-12-19T12:14:58+00:00","dateModified":"2024-12-19T12:41:27+00:00","mainEntityOfPage":{"@id":"https:\/\/regalaunninot.com\/es\/belen-navideno-decoracion-navidad-godella-valua\/"},"wordCount":584,"publisher":{"@id":"https:\/\/regalaunninot.com\/es\/#organization"},"image":{"@id":"https:\/\/regalaunninot.com\/es\/belen-navideno-decoracion-navidad-godella-valua\/#primaryimage"},"thumbnailUrl":"https:\/\/regalaunninot.com\/wp-content\/uploads\/2024\/12\/webprincipalbuena-belen-godella-valua.jpg","keywords":["bel\u00e9n","bel\u00e9n monumental","decoraci\u00f3n","decoraci\u00f3n de espacios","decoraci\u00f3n navidad","navidad","navidad en valencia"],"articleSection":["Noticias de regala un ninot"],"inLanguage":"es"},{"@type":"WebPage","@id":"https:\/\/regalaunninot.com\/es\/belen-navideno-decoracion-navidad-godella-valua\/","url":"https:\/\/regalaunninot.com\/es\/belen-navideno-decoracion-navidad-godella-valua\/","name":"Godella ya ha entrado en Navidad con su bel\u00e9n | Valua \ud83c\udfa8","isPartOf":{"@id":"https:\/\/regalaunninot.com\/es\/#website"},"primaryImageOfPage":{"@id":"https:\/\/regalaunninot.com\/es\/belen-navideno-decoracion-navidad-godella-valua\/#primaryimage"},"image":{"@id":"https:\/\/regalaunninot.com\/es\/belen-navideno-decoracion-navidad-godella-valua\/#primaryimage"},"thumbnailUrl":"https:\/\/regalaunninot.com\/wp-content\/uploads\/2024\/12\/webprincipalbuena-belen-godella-valua.jpg","datePublished":"2024-12-19T12:14:58+00:00","dateModified":"2024-12-19T12:41:27+00:00","description":"Godella ya tiene su bel\u00e9n, gracias a Valua van a disfrutar de un bel\u00e9n grande y personalizado, adem\u00e1s de tradicional y artesano.","breadcrumb":{"@id":"https:\/\/regalaunninot.com\/es\/belen-navideno-decoracion-navidad-godella-valua\/#breadcrumb"},"inLanguage":"es","potentialAction":[{"@type":"ReadAction","target":["https:\/\/regalaunninot.com\/es\/belen-navideno-decoracion-navidad-godella-valua\/"]}]},{"@type":"ImageObject","inLanguage":"es","@id":"https:\/\/regalaunninot.com\/es\/belen-navideno-decoracion-navidad-godella-valua\/#primaryimage","url":"https:\/\/regalaunninot.com\/wp-content\/uploads\/2024\/12\/webprincipalbuena-belen-godella-valua.jpg","contentUrl":"https:\/\/regalaunninot.com\/wp-content\/uploads\/2024\/12\/webprincipalbuena-belen-godella-valua.jpg","width":2048,"height":1536,"caption":"bel\u00e9n godella valua"},{"@type":"BreadcrumbList","@id":"https:\/\/regalaunninot.com\/es\/belen-navideno-decoracion-navidad-godella-valua\/#breadcrumb","itemListElement":[{"@type":"ListItem","position":1,"name":"Inici","item":"https:\/\/regalaunninot.com\/es\/"},{"@type":"ListItem","position":2,"name":"Godella ya ha entrado en Navidad con su bel\u00e9n"}]},{"@type":"WebSite","@id":"https:\/\/regalaunninot.com\/es\/#website","url":"https:\/\/regalaunninot.com\/es\/","name":"\ud83c\udf81 Regala Un Ninot \u200d\ud83c\udfa8","description":"Regala la creatividad de nuestros artistas falleros y foguereros","publisher":{"@id":"https:\/\/regalaunninot.com\/es\/#organization"},"potentialAction":[{"@type":"SearchAction","target":{"@type":"EntryPoint","urlTemplate":"https:\/\/regalaunninot.com\/es\/?s={search_term_string}"},"query-input":{"@type":"PropertyValueSpecification","valueRequired":true,"valueName":"search_term_string"}}],"inLanguage":"es"},{"@type":"Organization","@id":"https:\/\/regalaunninot.com\/es\/#organization","name":"Regala Un Ninot","url":"https:\/\/regalaunninot.com\/es\/","logo":{"@type":"ImageObject","inLanguage":"es","@id":"https:\/\/regalaunninot.com\/es\/#\/schema\/logo\/image\/","url":"https:\/\/regalaunninot.com\/wp-content\/uploads\/2020\/12\/logo-regala-un-ninot-h.png","contentUrl":"https:\/\/regalaunninot.com\/wp-content\/uploads\/2020\/12\/logo-regala-un-ninot-h.png","width":1787,"height":705,"caption":"Regala Un Ninot"},"image":{"@id":"https:\/\/regalaunninot.com\/es\/#\/schema\/logo\/image\/"}},{"@type":"Person","@id":"https:\/\/regalaunninot.com\/es\/#\/schema\/person\/a075a4abc609442ae3a26b7236f10a85","name":"Leonor Guarnizo","image":{"@type":"ImageObject","inLanguage":"es","@id":"https:\/\/regalaunninot.com\/es\/#\/schema\/person\/image\/","url":"https:\/\/secure.gravatar.com\/avatar\/53554051042a5a3603a010ce4f91f6391161f04e13f4415ceef45f79c20ec3ad?s=96&d=mm&r=g","contentUrl":"https:\/\/secure.gravatar.com\/avatar\/53554051042a5a3603a010ce4f91f6391161f04e13f4415ceef45f79c20ec3ad?s=96&d=mm&r=g","caption":"Leonor Guarnizo"}}]}},"_links":{"self":[{"href":"https:\/\/regalaunninot.com\/es\/wp-json\/wp\/v2\/posts\/10730","targetHints":{"allow":["GET"]}}],"collection":[{"href":"https:\/\/regalaunninot.com\/es\/wp-json\/wp\/v2\/posts"}],"about":[{"href":"https:\/\/regalaunninot.com\/es\/wp-json\/wp\/v2\/types\/post"}],"author":[{"embeddable":true,"href":"https:\/\/regalaunninot.com\/es\/wp-json\/wp\/v2\/users\/7"}],"replies":[{"embeddable":true,"href":"https:\/\/regalaunninot.com\/es\/wp-json\/wp\/v2\/comments?post=10730"}],"version-history":[{"count":5,"href":"https:\/\/regalaunninot.com\/es\/wp-json\/wp\/v2\/posts\/10730\/revisions"}],"predecessor-version":[{"id":10748,"href":"https:\/\/regalaunninot.com\/es\/wp-json\/wp\/v2\/posts\/10730\/revisions\/10748"}],"wp:featuredmedia":[{"embeddable":true,"href":"https:\/\/regalaunninot.com\/es\/wp-json\/wp\/v2\/media\/10744"}],"wp:attachment":[{"href":"https:\/\/regalaunninot.com\/es\/wp-json\/wp\/v2\/media?parent=10730"}],"wp:term":[{"taxonomy":"category","embeddable":true,"href":"https:\/\/regalaunninot.com\/es\/wp-json\/wp\/v2\/categories?post=10730"},{"taxonomy":"post_tag","embeddable":true,"href":"https:\/\/regalaunninot.com\/es\/wp-json\/wp\/v2\/tags?post=10730"}],"curies":[{"name":"wp","href":"https:\/\/api.w.org\/{rel}","templated":true}]}}