{"id":10935,"date":"2025-02-27T15:50:35","date_gmt":"2025-02-27T14:50:35","guid":{"rendered":"https:\/\/regalaunninot.com\/?p=10935"},"modified":"2025-02-27T15:50:37","modified_gmt":"2025-02-27T14:50:37","slug":"carnaval-de-tarragona-bota-dana-decoracion-valencia-valua","status":"publish","type":"post","link":"https:\/\/regalaunninot.com\/es\/carnaval-de-tarragona-bota-dana-decoracion-valencia-valua\/","title":{"rendered":"El Carnaval de Tarragona muestra su apoyo a Valencia con su \u201cBota\u201d gigante"},"content":{"rendered":"\n<p><strong>Como cada a\u00f1o, la Bota en el Carnaval de Tarragona atrae todas las miradas una vez m\u00e1s<\/strong>. Es el s\u00edmbolo de estas fiestas, y con este barril gigante se da la bienvenida a la fiesta. Este 2025 la Bota es especial, pues Tarragona ha querido mostrar su apoyo a las v\u00edctimas y afectados por la Dana en Valencia. Adem\u00e1s, como el a\u00f1o anterior, el Ayuntamiento de Tarragona ha contado con <a href=\"https:\/\/valuahub.com\/\" target=\"_blank\" rel=\"noreferrer noopener\"><strong>Valua<\/strong><\/a> para realizar esta decoraci\u00f3n del Carnaval tan importante.\u00a0<\/p>\n\n\n\n<p>Tarragona ha querido tener este detalle con Valencia y recordar en su fiesta, lo sucedido para mostrar apoyo. <strong>Esto se ha traslado a que el dise\u00f1o que Valua ha realizado para la Bota del Carnaval 2025 es especial<\/strong>. Para valua, empresa de tematizaci\u00f3n de espacios, decoraci\u00f3n de eventos y creaci\u00f3n de figuras art\u00edsticas con la tradici\u00f3n y versatilidad de los <a href=\"https:\/\/artistasfalleros.com\/\" target=\"_blank\" rel=\"noreferrer noopener\">artistas falleros<\/a>, ha sido un proyecto muy bonito volver a realizarlo.<\/p>\n\n\n\n<h2 class=\"wp-block-heading\" id=\"h-la-dana-presente-en-la-bota-del-carnaval-de-tarragona\">La Dana presente en la Bota del Carnaval de Tarragona<\/h2>\n\n\n\n<p><\/p>\n\n\n\n<p><strong>La esencia de la Bota se ha mantenido, pues hay que conversar el significado de este gran barril<\/strong>. Es una tradici\u00f3n dentro de esta fiesta popular que en la inauguraci\u00f3n haya un barril, hace gui\u00f1o al comienzo de los carnavales. Pero, <a href=\"https:\/\/regalaunninot.com\/es\/carnaval-tarragona-figura-decoracion-evento-barril-bota-valua\/\" target=\"_blank\" rel=\"noreferrer noopener\">como el a\u00f1o pasado<\/a>, este 2025 tambi\u00e9n ha sido una Bota gigante, no un barril de tama\u00f1o habitual.<\/p>\n\n\n\n<figure class=\"wp-block-image size-large\"><img loading=\"lazy\" decoding=\"async\" width=\"1024\" height=\"768\" src=\"https:\/\/regalaunninot.com\/wp-content\/uploads\/2025\/02\/web2-bota-tarragona-carnaval-decoracion-valua-1024x768.jpg\" alt=\"carnaval-de-tarragona-bota-dana-decoracion-valencia-valua\" class=\"wp-image-10936\"\/><\/figure>\n\n\n\n<p><\/p>\n\n\n\n<p><strong>Los detalles de esta Bota especial son las tres herramientas que sobresalen de la parte superior, y el barro de la parte inferior<\/strong>. Un gui\u00f1o al pueblo, a esa marea solidaria que acudi\u00f3 desde el primer momento a ayudar a los afectados. Por este motivo se han elegido las herramientas que emplearon: una pala, un rastrillo y la escoba. Tambi\u00e9n, el barro est\u00e1 presente en este barril gigante, en el sue\u00f1o mancha la Bota, y en la pala tambi\u00e9n se encuentra.\u00a0<\/p>\n\n\n\n<p>Al mismo tiempo, este a\u00f1o no hay una t gigante en el centro del barril. Es un barril de apoyo, dirigido a los afectados, por lo que en el centro de la Bota se lee \u201cPor Valencia\u201d como apoyo a la ciudad. <strong>Tambi\u00e9n, acompa\u00f1ando este barril hay dos personajes representativos del Carnaval de Tarragona<\/strong>. A escala gigante, los dos ninots tienen una altura de m\u00e1s de dos metros. En conjunto, este a\u00f1o el Ayuntamiento de Tarragona ha querido que los comienzos de los Carnavales fuesen especiales con este gui\u00f1o a sus vecinos valencianos.\u00a0<\/p>\n\n\n\n<figure class=\"wp-block-image size-large\"><img loading=\"lazy\" decoding=\"async\" width=\"1024\" height=\"576\" src=\"https:\/\/regalaunninot.com\/wp-content\/uploads\/2025\/02\/web3buena-bota-carnaval-valua-1024x576.png\" alt=\"carnaval-de-tarragona-bota-dana-decoracion-valencia-valua\" class=\"wp-image-10938\"\/><\/figure>\n\n\n\n<p><\/p>\n\n\n\n<h2 class=\"wp-block-heading\">Valua trae la creatividad a los eventos<\/h2>\n\n\n\n<p><\/p>\n\n\n\n<p><strong>En varios eventos, valua ha dado el toque creativo a la ocasi\u00f3n con decoraciones personalizadas y \u00fanicas<\/strong>. La Bota para el <strong>Carnaval de Tarragona<\/strong> es otro ejemplo m\u00e1s de los proyectos que llevamos a cabo. En la presentaci\u00f3n del libro de Ron Barcel\u00f3 junto a Aleix Puig, fundador de Vicio, <a href=\"https:\/\/regalaunninot.com\/es\/decoracion-evento-ron-barcelo-el-recenario-chef-aleix-puig\/\" target=\"_blank\" rel=\"noreferrer noopener\">recreamos el libro a escala gigante<\/a>, unas patatas fritas bien doradas y una nevera rosa. Creamos un corner fotografiable y donde la gente pudo interactuar con la marca.\u00a0<\/p>\n\n\n\n<p>Incluso, podemos tematizar stands para ferias y congresos. <strong>Darles ese extra que ayuda a nuestros clientes a destacar, captar la atenci\u00f3n de la gente y lograr generar un impacto positivo<\/strong>. Rosas de Almer\u00eda, <a href=\"https:\/\/regalaunninot.com\/es\/decoracion-stand-activacion-marca-feria-agricola-levantenijar-valua\/\" target=\"_blank\" rel=\"noreferrer noopener\">tuvo un tomate gigante<\/a> para mostrar su frescura y calidad de los tomates que venden en la ExpoLevante24. Al mismo tiempo, para el festival Holika <a href=\"https:\/\/regalaunninot.com\/es\/la-escenografia-del-festival-holika-muestra-el-talento-y-capacidad-de-valua\/\" target=\"_blank\" rel=\"noreferrer noopener\">creamos la escenograf\u00eda<\/a> de los dos escenarios principales. Si necesitas impactar en un evento, conseguir interactuar con los asistentes de manera creativa, <a href=\"mailto:info@valuahub.com\" target=\"_blank\" rel=\"noreferrer noopener\">contacta con Valua<\/a>, te daremos la soluci\u00f3n que necesitas.\u00a0<\/p>\n","protected":false},"excerpt":{"rendered":"<p>Como cada a\u00f1o, la Bota en el Carnaval de Tarragona atrae todas las miradas una vez m\u00e1s. Es el s\u00edmbolo de estas fiestas, y con este barril gigante se da la bienvenida a la fiesta. Este 2025 la Bota es especial, pues Tarragona ha querido mostrar su apoyo a las v\u00edctimas y afectados por la [&hellip;]<\/p>\n","protected":false},"author":7,"featured_media":10940,"comment_status":"closed","ping_status":"closed","sticky":false,"template":"","format":"standard","meta":{"footnotes":""},"categories":[313],"tags":[1140,1891,1151,1678,1499,1520,1713,1609,865],"class_list":["post-10935","post","type-post","status-publish","format-standard","has-post-thumbnail","hentry","category-noticias-de-regala-un-ninot","tag-artistas-falleros-es","tag-carnaval-decoracion","tag-decoracion","tag-decoracion-carnaval","tag-decoracion-de-eventos","tag-decoracion-original","tag-decoracion-publicitaria","tag-decoraciones","tag-valencia-es"],"acf":[],"yoast_head":"<!-- This site is optimized with the Yoast SEO Premium plugin v19.3 (Yoast SEO v26.5) - https:\/\/yoast.com\/wordpress\/plugins\/seo\/ -->\n<title>Una Bota por la Dana en el Carnaval de Tarragona | Valua \ud83c\udfa8<\/title>\n<meta name=\"description\" content=\"La Bota del Carnaval de Tarragona es especial, pues han querido mostrar su apoyo a las v\u00edctimas y afectados por la Dana en Valencia.\" \/>\n<meta name=\"robots\" content=\"index, follow, max-snippet:-1, max-image-preview:large, max-video-preview:-1\" \/>\n<link rel=\"canonical\" href=\"https:\/\/regalaunninot.com\/es\/carnaval-de-tarragona-bota-dana-decoracion-valencia-valua\/\" \/>\n<meta property=\"og:locale\" content=\"es_ES\" \/>\n<meta property=\"og:type\" content=\"article\" \/>\n<meta property=\"og:title\" content=\"El Carnaval de Tarragona muestra su apoyo a Valencia con su \u201cBota\u201d gigante\" \/>\n<meta property=\"og:description\" content=\"La Bota del Carnaval de Tarragona es especial, pues han querido mostrar su apoyo a las v\u00edctimas y afectados por la Dana en Valencia.\" \/>\n<meta property=\"og:url\" content=\"https:\/\/regalaunninot.com\/es\/carnaval-de-tarragona-bota-dana-decoracion-valencia-valua\/\" \/>\n<meta property=\"og:site_name\" content=\"\ud83c\udf81 Regala Un Ninot \u200d\ud83c\udfa8\" \/>\n<meta property=\"article:published_time\" content=\"2025-02-27T14:50:35+00:00\" \/>\n<meta property=\"article:modified_time\" content=\"2025-02-27T14:50:37+00:00\" \/>\n<meta property=\"og:image\" content=\"https:\/\/regalaunninot.com\/wp-content\/uploads\/2025\/02\/web1-bota-tarragona-carnaval-decoracion-valua.jpg\" \/>\n\t<meta property=\"og:image:width\" content=\"2048\" \/>\n\t<meta property=\"og:image:height\" content=\"1536\" \/>\n\t<meta property=\"og:image:type\" content=\"image\/jpeg\" \/>\n<meta name=\"author\" content=\"Leonor Guarnizo\" \/>\n<meta name=\"twitter:card\" content=\"summary_large_image\" \/>\n<meta name=\"twitter:label1\" content=\"Escrito por\" \/>\n\t<meta name=\"twitter:data1\" content=\"Leonor Guarnizo\" \/>\n\t<meta name=\"twitter:label2\" content=\"Tiempo de lectura\" \/>\n\t<meta name=\"twitter:data2\" content=\"4 minutos\" \/>\n<script type=\"application\/ld+json\" class=\"yoast-schema-graph\">{\"@context\":\"https:\/\/schema.org\",\"@graph\":[{\"@type\":\"Article\",\"@id\":\"https:\/\/regalaunninot.com\/es\/carnaval-de-tarragona-bota-dana-decoracion-valencia-valua\/#article\",\"isPartOf\":{\"@id\":\"https:\/\/regalaunninot.com\/es\/carnaval-de-tarragona-bota-dana-decoracion-valencia-valua\/\"},\"author\":{\"name\":\"Leonor Guarnizo\",\"@id\":\"https:\/\/regalaunninot.com\/es\/#\/schema\/person\/a075a4abc609442ae3a26b7236f10a85\"},\"headline\":\"El Carnaval de Tarragona muestra su apoyo a Valencia con su \u201cBota\u201d gigante\",\"datePublished\":\"2025-02-27T14:50:35+00:00\",\"dateModified\":\"2025-02-27T14:50:37+00:00\",\"mainEntityOfPage\":{\"@id\":\"https:\/\/regalaunninot.com\/es\/carnaval-de-tarragona-bota-dana-decoracion-valencia-valua\/\"},\"wordCount\":613,\"publisher\":{\"@id\":\"https:\/\/regalaunninot.com\/es\/#organization\"},\"image\":{\"@id\":\"https:\/\/regalaunninot.com\/es\/carnaval-de-tarragona-bota-dana-decoracion-valencia-valua\/#primaryimage\"},\"thumbnailUrl\":\"https:\/\/regalaunninot.com\/wp-content\/uploads\/2025\/02\/web1-bota-tarragona-carnaval-decoracion-valua.jpg\",\"keywords\":[\"artistas falleros\",\"carnaval decoraci\u00f3n\",\"decoraci\u00f3n\",\"decoraci\u00f3n carnaval\",\"decoraci\u00f3n de eventos\",\"decoraci\u00f3n original\",\"decoraci\u00f3n publicitaria\",\"decoraciones\",\"valencia\"],\"articleSection\":[\"Noticias de regala un ninot\"],\"inLanguage\":\"es\"},{\"@type\":\"WebPage\",\"@id\":\"https:\/\/regalaunninot.com\/es\/carnaval-de-tarragona-bota-dana-decoracion-valencia-valua\/\",\"url\":\"https:\/\/regalaunninot.com\/es\/carnaval-de-tarragona-bota-dana-decoracion-valencia-valua\/\",\"name\":\"Una Bota por la Dana en el Carnaval de Tarragona | Valua \ud83c\udfa8\",\"isPartOf\":{\"@id\":\"https:\/\/regalaunninot.com\/es\/#website\"},\"primaryImageOfPage\":{\"@id\":\"https:\/\/regalaunninot.com\/es\/carnaval-de-tarragona-bota-dana-decoracion-valencia-valua\/#primaryimage\"},\"image\":{\"@id\":\"https:\/\/regalaunninot.com\/es\/carnaval-de-tarragona-bota-dana-decoracion-valencia-valua\/#primaryimage\"},\"thumbnailUrl\":\"https:\/\/regalaunninot.com\/wp-content\/uploads\/2025\/02\/web1-bota-tarragona-carnaval-decoracion-valua.jpg\",\"datePublished\":\"2025-02-27T14:50:35+00:00\",\"dateModified\":\"2025-02-27T14:50:37+00:00\",\"description\":\"La Bota del Carnaval de Tarragona es especial, pues han querido mostrar su apoyo a las v\u00edctimas y afectados por la Dana en Valencia.\",\"breadcrumb\":{\"@id\":\"https:\/\/regalaunninot.com\/es\/carnaval-de-tarragona-bota-dana-decoracion-valencia-valua\/#breadcrumb\"},\"inLanguage\":\"es\",\"potentialAction\":[{\"@type\":\"ReadAction\",\"target\":[\"https:\/\/regalaunninot.com\/es\/carnaval-de-tarragona-bota-dana-decoracion-valencia-valua\/\"]}]},{\"@type\":\"ImageObject\",\"inLanguage\":\"es\",\"@id\":\"https:\/\/regalaunninot.com\/es\/carnaval-de-tarragona-bota-dana-decoracion-valencia-valua\/#primaryimage\",\"url\":\"https:\/\/regalaunninot.com\/wp-content\/uploads\/2025\/02\/web1-bota-tarragona-carnaval-decoracion-valua.jpg\",\"contentUrl\":\"https:\/\/regalaunninot.com\/wp-content\/uploads\/2025\/02\/web1-bota-tarragona-carnaval-decoracion-valua.jpg\",\"width\":2048,\"height\":1536},{\"@type\":\"BreadcrumbList\",\"@id\":\"https:\/\/regalaunninot.com\/es\/carnaval-de-tarragona-bota-dana-decoracion-valencia-valua\/#breadcrumb\",\"itemListElement\":[{\"@type\":\"ListItem\",\"position\":1,\"name\":\"Inici\",\"item\":\"https:\/\/regalaunninot.com\/es\/\"},{\"@type\":\"ListItem\",\"position\":2,\"name\":\"El Carnaval de Tarragona muestra su apoyo a Valencia con su \u201cBota\u201d gigante\"}]},{\"@type\":\"WebSite\",\"@id\":\"https:\/\/regalaunninot.com\/es\/#website\",\"url\":\"https:\/\/regalaunninot.com\/es\/\",\"name\":\"\ud83c\udf81 Regala Un Ninot \u200d\ud83c\udfa8\",\"description\":\"Regala la creatividad de nuestros artistas falleros y foguereros\",\"publisher\":{\"@id\":\"https:\/\/regalaunninot.com\/es\/#organization\"},\"potentialAction\":[{\"@type\":\"SearchAction\",\"target\":{\"@type\":\"EntryPoint\",\"urlTemplate\":\"https:\/\/regalaunninot.com\/es\/?s={search_term_string}\"},\"query-input\":{\"@type\":\"PropertyValueSpecification\",\"valueRequired\":true,\"valueName\":\"search_term_string\"}}],\"inLanguage\":\"es\"},{\"@type\":\"Organization\",\"@id\":\"https:\/\/regalaunninot.com\/es\/#organization\",\"name\":\"Regala Un Ninot\",\"url\":\"https:\/\/regalaunninot.com\/es\/\",\"logo\":{\"@type\":\"ImageObject\",\"inLanguage\":\"es\",\"@id\":\"https:\/\/regalaunninot.com\/es\/#\/schema\/logo\/image\/\",\"url\":\"https:\/\/regalaunninot.com\/wp-content\/uploads\/2020\/12\/logo-regala-un-ninot-h.png\",\"contentUrl\":\"https:\/\/regalaunninot.com\/wp-content\/uploads\/2020\/12\/logo-regala-un-ninot-h.png\",\"width\":1787,\"height\":705,\"caption\":\"Regala Un Ninot\"},\"image\":{\"@id\":\"https:\/\/regalaunninot.com\/es\/#\/schema\/logo\/image\/\"}},{\"@type\":\"Person\",\"@id\":\"https:\/\/regalaunninot.com\/es\/#\/schema\/person\/a075a4abc609442ae3a26b7236f10a85\",\"name\":\"Leonor Guarnizo\",\"image\":{\"@type\":\"ImageObject\",\"inLanguage\":\"es\",\"@id\":\"https:\/\/regalaunninot.com\/es\/#\/schema\/person\/image\/\",\"url\":\"https:\/\/secure.gravatar.com\/avatar\/53554051042a5a3603a010ce4f91f6391161f04e13f4415ceef45f79c20ec3ad?s=96&d=mm&r=g\",\"contentUrl\":\"https:\/\/secure.gravatar.com\/avatar\/53554051042a5a3603a010ce4f91f6391161f04e13f4415ceef45f79c20ec3ad?s=96&d=mm&r=g\",\"caption\":\"Leonor Guarnizo\"}}]}<\/script>\n<!-- \/ Yoast SEO Premium plugin. -->","yoast_head_json":{"title":"Una Bota por la Dana en el Carnaval de Tarragona | Valua \ud83c\udfa8","description":"La Bota del Carnaval de Tarragona es especial, pues han querido mostrar su apoyo a las v\u00edctimas y afectados por la Dana en Valencia.","robots":{"index":"index","follow":"follow","max-snippet":"max-snippet:-1","max-image-preview":"max-image-preview:large","max-video-preview":"max-video-preview:-1"},"canonical":"https:\/\/regalaunninot.com\/es\/carnaval-de-tarragona-bota-dana-decoracion-valencia-valua\/","og_locale":"es_ES","og_type":"article","og_title":"El Carnaval de Tarragona muestra su apoyo a Valencia con su \u201cBota\u201d gigante","og_description":"La Bota del Carnaval de Tarragona es especial, pues han querido mostrar su apoyo a las v\u00edctimas y afectados por la Dana en Valencia.","og_url":"https:\/\/regalaunninot.com\/es\/carnaval-de-tarragona-bota-dana-decoracion-valencia-valua\/","og_site_name":"\ud83c\udf81 Regala Un Ninot \u200d\ud83c\udfa8","article_published_time":"2025-02-27T14:50:35+00:00","article_modified_time":"2025-02-27T14:50:37+00:00","og_image":[{"width":2048,"height":1536,"url":"https:\/\/regalaunninot.com\/wp-content\/uploads\/2025\/02\/web1-bota-tarragona-carnaval-decoracion-valua.jpg","type":"image\/jpeg"}],"author":"Leonor Guarnizo","twitter_card":"summary_large_image","twitter_misc":{"Escrito por":"Leonor Guarnizo","Tiempo de lectura":"4 minutos"},"schema":{"@context":"https:\/\/schema.org","@graph":[{"@type":"Article","@id":"https:\/\/regalaunninot.com\/es\/carnaval-de-tarragona-bota-dana-decoracion-valencia-valua\/#article","isPartOf":{"@id":"https:\/\/regalaunninot.com\/es\/carnaval-de-tarragona-bota-dana-decoracion-valencia-valua\/"},"author":{"name":"Leonor Guarnizo","@id":"https:\/\/regalaunninot.com\/es\/#\/schema\/person\/a075a4abc609442ae3a26b7236f10a85"},"headline":"El Carnaval de Tarragona muestra su apoyo a Valencia con su \u201cBota\u201d gigante","datePublished":"2025-02-27T14:50:35+00:00","dateModified":"2025-02-27T14:50:37+00:00","mainEntityOfPage":{"@id":"https:\/\/regalaunninot.com\/es\/carnaval-de-tarragona-bota-dana-decoracion-valencia-valua\/"},"wordCount":613,"publisher":{"@id":"https:\/\/regalaunninot.com\/es\/#organization"},"image":{"@id":"https:\/\/regalaunninot.com\/es\/carnaval-de-tarragona-bota-dana-decoracion-valencia-valua\/#primaryimage"},"thumbnailUrl":"https:\/\/regalaunninot.com\/wp-content\/uploads\/2025\/02\/web1-bota-tarragona-carnaval-decoracion-valua.jpg","keywords":["artistas falleros","carnaval decoraci\u00f3n","decoraci\u00f3n","decoraci\u00f3n carnaval","decoraci\u00f3n de eventos","decoraci\u00f3n original","decoraci\u00f3n publicitaria","decoraciones","valencia"],"articleSection":["Noticias de regala un ninot"],"inLanguage":"es"},{"@type":"WebPage","@id":"https:\/\/regalaunninot.com\/es\/carnaval-de-tarragona-bota-dana-decoracion-valencia-valua\/","url":"https:\/\/regalaunninot.com\/es\/carnaval-de-tarragona-bota-dana-decoracion-valencia-valua\/","name":"Una Bota por la Dana en el Carnaval de Tarragona | Valua \ud83c\udfa8","isPartOf":{"@id":"https:\/\/regalaunninot.com\/es\/#website"},"primaryImageOfPage":{"@id":"https:\/\/regalaunninot.com\/es\/carnaval-de-tarragona-bota-dana-decoracion-valencia-valua\/#primaryimage"},"image":{"@id":"https:\/\/regalaunninot.com\/es\/carnaval-de-tarragona-bota-dana-decoracion-valencia-valua\/#primaryimage"},"thumbnailUrl":"https:\/\/regalaunninot.com\/wp-content\/uploads\/2025\/02\/web1-bota-tarragona-carnaval-decoracion-valua.jpg","datePublished":"2025-02-27T14:50:35+00:00","dateModified":"2025-02-27T14:50:37+00:00","description":"La Bota del Carnaval de Tarragona es especial, pues han querido mostrar su apoyo a las v\u00edctimas y afectados por la Dana en Valencia.","breadcrumb":{"@id":"https:\/\/regalaunninot.com\/es\/carnaval-de-tarragona-bota-dana-decoracion-valencia-valua\/#breadcrumb"},"inLanguage":"es","potentialAction":[{"@type":"ReadAction","target":["https:\/\/regalaunninot.com\/es\/carnaval-de-tarragona-bota-dana-decoracion-valencia-valua\/"]}]},{"@type":"ImageObject","inLanguage":"es","@id":"https:\/\/regalaunninot.com\/es\/carnaval-de-tarragona-bota-dana-decoracion-valencia-valua\/#primaryimage","url":"https:\/\/regalaunninot.com\/wp-content\/uploads\/2025\/02\/web1-bota-tarragona-carnaval-decoracion-valua.jpg","contentUrl":"https:\/\/regalaunninot.com\/wp-content\/uploads\/2025\/02\/web1-bota-tarragona-carnaval-decoracion-valua.jpg","width":2048,"height":1536},{"@type":"BreadcrumbList","@id":"https:\/\/regalaunninot.com\/es\/carnaval-de-tarragona-bota-dana-decoracion-valencia-valua\/#breadcrumb","itemListElement":[{"@type":"ListItem","position":1,"name":"Inici","item":"https:\/\/regalaunninot.com\/es\/"},{"@type":"ListItem","position":2,"name":"El Carnaval de Tarragona muestra su apoyo a Valencia con su \u201cBota\u201d gigante"}]},{"@type":"WebSite","@id":"https:\/\/regalaunninot.com\/es\/#website","url":"https:\/\/regalaunninot.com\/es\/","name":"\ud83c\udf81 Regala Un Ninot \u200d\ud83c\udfa8","description":"Regala la creatividad de nuestros artistas falleros y foguereros","publisher":{"@id":"https:\/\/regalaunninot.com\/es\/#organization"},"potentialAction":[{"@type":"SearchAction","target":{"@type":"EntryPoint","urlTemplate":"https:\/\/regalaunninot.com\/es\/?s={search_term_string}"},"query-input":{"@type":"PropertyValueSpecification","valueRequired":true,"valueName":"search_term_string"}}],"inLanguage":"es"},{"@type":"Organization","@id":"https:\/\/regalaunninot.com\/es\/#organization","name":"Regala Un Ninot","url":"https:\/\/regalaunninot.com\/es\/","logo":{"@type":"ImageObject","inLanguage":"es","@id":"https:\/\/regalaunninot.com\/es\/#\/schema\/logo\/image\/","url":"https:\/\/regalaunninot.com\/wp-content\/uploads\/2020\/12\/logo-regala-un-ninot-h.png","contentUrl":"https:\/\/regalaunninot.com\/wp-content\/uploads\/2020\/12\/logo-regala-un-ninot-h.png","width":1787,"height":705,"caption":"Regala Un Ninot"},"image":{"@id":"https:\/\/regalaunninot.com\/es\/#\/schema\/logo\/image\/"}},{"@type":"Person","@id":"https:\/\/regalaunninot.com\/es\/#\/schema\/person\/a075a4abc609442ae3a26b7236f10a85","name":"Leonor Guarnizo","image":{"@type":"ImageObject","inLanguage":"es","@id":"https:\/\/regalaunninot.com\/es\/#\/schema\/person\/image\/","url":"https:\/\/secure.gravatar.com\/avatar\/53554051042a5a3603a010ce4f91f6391161f04e13f4415ceef45f79c20ec3ad?s=96&d=mm&r=g","contentUrl":"https:\/\/secure.gravatar.com\/avatar\/53554051042a5a3603a010ce4f91f6391161f04e13f4415ceef45f79c20ec3ad?s=96&d=mm&r=g","caption":"Leonor Guarnizo"}}]}},"_links":{"self":[{"href":"https:\/\/regalaunninot.com\/es\/wp-json\/wp\/v2\/posts\/10935","targetHints":{"allow":["GET"]}}],"collection":[{"href":"https:\/\/regalaunninot.com\/es\/wp-json\/wp\/v2\/posts"}],"about":[{"href":"https:\/\/regalaunninot.com\/es\/wp-json\/wp\/v2\/types\/post"}],"author":[{"embeddable":true,"href":"https:\/\/regalaunninot.com\/es\/wp-json\/wp\/v2\/users\/7"}],"replies":[{"embeddable":true,"href":"https:\/\/regalaunninot.com\/es\/wp-json\/wp\/v2\/comments?post=10935"}],"version-history":[{"count":2,"href":"https:\/\/regalaunninot.com\/es\/wp-json\/wp\/v2\/posts\/10935\/revisions"}],"predecessor-version":[{"id":10943,"href":"https:\/\/regalaunninot.com\/es\/wp-json\/wp\/v2\/posts\/10935\/revisions\/10943"}],"wp:featuredmedia":[{"embeddable":true,"href":"https:\/\/regalaunninot.com\/es\/wp-json\/wp\/v2\/media\/10940"}],"wp:attachment":[{"href":"https:\/\/regalaunninot.com\/es\/wp-json\/wp\/v2\/media?parent=10935"}],"wp:term":[{"taxonomy":"category","embeddable":true,"href":"https:\/\/regalaunninot.com\/es\/wp-json\/wp\/v2\/categories?post=10935"},{"taxonomy":"post_tag","embeddable":true,"href":"https:\/\/regalaunninot.com\/es\/wp-json\/wp\/v2\/tags?post=10935"}],"curies":[{"name":"wp","href":"https:\/\/api.w.org\/{rel}","templated":true}]}}