{"id":10950,"date":"2025-04-03T16:06:37","date_gmt":"2025-04-03T14:06:37","guid":{"rendered":"https:\/\/regalaunninot.com\/?p=10950"},"modified":"2025-04-03T16:06:39","modified_gmt":"2025-04-03T14:06:39","slug":"falla-decorativa-fiesta-popular-ayuntamiento-pucol-miajadas-valua","status":"publish","type":"post","link":"https:\/\/regalaunninot.com\/es\/falla-decorativa-fiesta-popular-ayuntamiento-pucol-miajadas-valua\/","title":{"rendered":"Una falla decorativa para el evento de celebraci\u00f3n del 25\u00ba aniversario del hermanamiento de Miajadas-Pu\u00e7ol"},"content":{"rendered":"\n<p>En las fiestas populares no falta de nada, hay miles de actividades y siempre traen sorpresas. <strong>En el 25\u00ba aniversario del hermanamiento Miajadas-Pu\u00e7ol, contaron con una falla decorativa realizada por <\/strong><a href=\"https:\/\/valuahub.com\/\" target=\"_blank\" rel=\"noreferrer noopener\"><strong>Valua<\/strong><\/a>. Una actividad extra que dio un final especial a esta celebraci\u00f3n de la uni\u00f3n de ambos municipios. Tuvieron una decoraci\u00f3n del evento \u00fanica, que simbolizaba el 25 aniversario de este acontecimiento entre Miajadas y Pu\u00e7ol.\u00a0<\/p>\n\n\n\n<p>Durante las fiestas, este a\u00f1o se quer\u00eda realizar algo especial por lo que contactaron con nosotros. En Valua somos una empresa de tematizaci\u00f3n de espacios, decoraci\u00f3n de eventos y creaci\u00f3n de figuras art\u00edsticas con la tradici\u00f3n y versatilidad de los <a href=\"https:\/\/artistasfalleros.com\/\" target=\"_blank\" rel=\"noreferrer noopener\">artistas falleros<\/a>. Para este 25 aniversario, deb\u00eda de haber algo especial, un s\u00edmbolo de la uni\u00f3n de la buena relaci\u00f3n entre ambos municipios.\u00a0 <strong>Una falla decorativa fue la elecci\u00f3n por el gui\u00f1o a las fallas, a la Comunidad Valenciana, a la cultura de la regi\u00f3n y al arte fallero<\/strong>.\u00a0<\/p>\n\n\n\n<h2 class=\"wp-block-heading\" id=\"h-el-diseno-de-la-falla-decorativa-para-pucol-y-sus-fiestas\">El dise\u00f1o de la falla decorativa para Pu\u00e7ol y sus fiestas<\/h2>\n\n\n\n<p><\/p>\n\n\n\n<p><strong>Para la falla decorativa Valua cre\u00f3 un dise\u00f1o que un\u00eda ambas localidades y su relaci\u00f3n<\/strong>. Una decoraci\u00f3n para el 25 aniversario con mucho sentimiento y simbolog\u00eda. Los colores, el coraz\u00f3n, el cartel, todo ten\u00eda su sentido y un significado para el ayuntamiento de Pu\u00e7ol.\u00a0<\/p>\n\n\n\n<figure class=\"wp-block-image size-large\"><img loading=\"lazy\" decoding=\"async\" width=\"1024\" height=\"768\" src=\"https:\/\/regalaunninot.com\/wp-content\/uploads\/2025\/04\/web1-falla-pucol-evento-valua-1024x768.jpg\" alt=\" falla-decorativa-fiesta-popular-ayuntamiento-pu\u00e7ol-miajadas-valua\" class=\"wp-image-10951\"\/><\/figure>\n\n\n\n<p><\/p>\n\n\n\n<p>Por una parte, el coraz\u00f3n es el s\u00edmbolo del cari\u00f1o y la buena relaci\u00f3n que hay entre los dos municipios que unieron fuerzas. Adem\u00e1s, el coraz\u00f3n no era un simple coraz\u00f3n, ten\u00eda forma de tomate y naranja, mitad y mitad, representando a los municipios. Miajadas, pueblo de Extremadura, es conocido por los buenos tomates que tienen, y Pu\u00e7ol es famoso por sus naranjas. <strong>Aparte, en el segundo caj\u00f3n de esta falla decorativa est\u00e1n los dos escudos de ambas localidades<\/strong>.<\/p>\n\n\n\n<p><strong>En la \u00faltima peana, ven\u00eda un cartel que anunciaba la ocasi\u00f3n de esta falla decorativa que se realiz\u00f3 para la 25\u00ba celebraci\u00f3n del hermanamiento<\/strong>. No hay que olvidarse del detalle de los colores de fondo de las peanas, el violeta y el verde, los colores de los municipios. M\u00e1s el color marr\u00f3n en la \u00faltima peana que representa la terreta, un gui\u00f1o a sus cultivos.<\/p>\n\n\n\n<figure class=\"wp-block-image size-large\"><img loading=\"lazy\" decoding=\"async\" width=\"1024\" height=\"768\" src=\"https:\/\/regalaunninot.com\/wp-content\/uploads\/2025\/04\/webprincipal-falla-pucol-evento-valua-1024x768.jpg\" alt=\" falla-decorativa-fiesta-popular-ayuntamiento-pu\u00e7ol-miajadas-valua\" class=\"wp-image-10953\"\/><\/figure>\n\n\n\n<p><\/p>\n\n\n\n<h2 class=\"wp-block-heading\">Fallas y decoraciones para eventos<\/h2>\n\n\n\n<p><\/p>\n\n\n\n<p><strong>En los eventos, un <\/strong><a href=\"https:\/\/artistasfalleros.com\/totems-publicitarios\/\" target=\"_blank\" rel=\"noreferrer noopener\"><strong>reclamo visual<\/strong><\/a><strong> consigue captar la atenci\u00f3n de los asistentes<\/strong>. Una pieza central sobre la que la gente pueda reunirse, sacarse una fotograf\u00eda, llevarse un recuerdo inolvidable del evento. Para el mayor congreso de Radiolog\u00eda de Europa <a href=\"https:\/\/valuahub.com\/decoracion-congreso-erc-radiologia-viena-valua\/\" target=\"_blank\" rel=\"noreferrer noopener\">creamos una decoraci\u00f3n compuesta por cinco figuras art\u00edsticas<\/a> inspiradas en la imagen de marca del evento. Todo el mundo se quiso fotografiar junto a ellas para llevarse a casa un recuerdo del congreso.\u00a0<\/p>\n\n\n\n<p>Tambi\u00e9n se pueden hacer fallas para eventos corporativos, como <a href=\"https:\/\/regalaunninot.com\/es\/falla-para-congreso-aecc-castellana-decoracion-evento-valua\/\" target=\"_blank\" rel=\"noreferrer noopener\">la del congreso de la Asociaci\u00f3n Espa\u00f1ola de Centros Comerciales<\/a>. <strong>Una falla decorativa que se encontraba en el medio del sal\u00f3n de la gala del evento, dando un toque creativo a la cita y sirviendo como reclamo publicitario a la empresa sponsor de la cena<\/strong>. Hay infinidad de posibilidades de decorar un evento con creatividad y aportando personalizaci\u00f3n. <a href=\"mailto:info@valuahub.com\" target=\"_blank\" rel=\"noreferrer noopener\">Contacta con Valua<\/a> y consigue vestir de punta en blanco el espacio de tu congreso, evento o celebraci\u00f3n.\u00a0<\/p>\n","protected":false},"excerpt":{"rendered":"<p>En las fiestas populares no falta de nada, hay miles de actividades y siempre traen sorpresas. En el 25\u00ba aniversario del hermanamiento Miajadas-Pu\u00e7ol, contaron con una falla decorativa realizada por Valua. Una actividad extra que dio un final especial a esta celebraci\u00f3n de la uni\u00f3n de ambos municipios. Tuvieron una decoraci\u00f3n del evento \u00fanica, que [&hellip;]<\/p>\n","protected":false},"author":7,"featured_media":10955,"comment_status":"closed","ping_status":"closed","sticky":false,"template":"","format":"standard","meta":{"footnotes":""},"categories":[313],"tags":[1140,1510,1151,1528,1729,1520,1893,1829,1057,865],"class_list":["post-10950","post","type-post","status-publish","format-standard","has-post-thumbnail","hentry","category-noticias-de-regala-un-ninot","tag-artistas-falleros-es","tag-decoracio-desdeveniments","tag-decoracion","tag-decoracion-de-espacios","tag-decoracion-evento-2","tag-decoracion-original","tag-falla","tag-falla-decorativa","tag-fallas-de-valencia","tag-valencia-es"],"acf":[],"yoast_head":"<!-- This site is optimized with the Yoast SEO Premium plugin v19.3 (Yoast SEO v26.5) - https:\/\/yoast.com\/wordpress\/plugins\/seo\/ -->\n<title>Falla decorativa para el 25\u00ba aniversario Miajadas-Pu\u00e7ol | Valua<\/title>\n<meta name=\"description\" content=\"En el 25 aniversario del hermanamiento Miajadas-Pu\u00e7ol, contaron con una falla decorativa realizada para el evento realizada por Valua.\" \/>\n<meta name=\"robots\" content=\"index, follow, max-snippet:-1, max-image-preview:large, max-video-preview:-1\" \/>\n<link rel=\"canonical\" href=\"https:\/\/regalaunninot.com\/es\/falla-decorativa-fiesta-popular-ayuntamiento-pucol-miajadas-valua\/\" \/>\n<meta property=\"og:locale\" content=\"es_ES\" \/>\n<meta property=\"og:type\" content=\"article\" \/>\n<meta property=\"og:title\" content=\"Una falla decorativa para el evento de celebraci\u00f3n del 25\u00ba aniversario del hermanamiento de Miajadas-Pu\u00e7ol\" \/>\n<meta property=\"og:description\" content=\"En el 25 aniversario del hermanamiento Miajadas-Pu\u00e7ol, contaron con una falla decorativa realizada para el evento realizada por Valua.\" \/>\n<meta property=\"og:url\" content=\"https:\/\/regalaunninot.com\/es\/falla-decorativa-fiesta-popular-ayuntamiento-pucol-miajadas-valua\/\" \/>\n<meta property=\"og:site_name\" content=\"\ud83c\udf81 Regala Un Ninot \u200d\ud83c\udfa8\" \/>\n<meta property=\"article:published_time\" content=\"2025-04-03T14:06:37+00:00\" \/>\n<meta property=\"article:modified_time\" content=\"2025-04-03T14:06:39+00:00\" \/>\n<meta property=\"og:image\" content=\"https:\/\/regalaunninot.com\/wp-content\/uploads\/2025\/04\/web2-falla-pucol-evento-valua.jpg\" \/>\n\t<meta property=\"og:image:width\" content=\"2048\" \/>\n\t<meta property=\"og:image:height\" content=\"1536\" \/>\n\t<meta property=\"og:image:type\" content=\"image\/jpeg\" \/>\n<meta name=\"author\" content=\"Leonor Guarnizo\" \/>\n<meta name=\"twitter:card\" content=\"summary_large_image\" \/>\n<meta name=\"twitter:label1\" content=\"Escrito por\" \/>\n\t<meta name=\"twitter:data1\" content=\"Leonor Guarnizo\" \/>\n\t<meta name=\"twitter:label2\" content=\"Tiempo de lectura\" \/>\n\t<meta name=\"twitter:data2\" content=\"3 minutos\" \/>\n<script type=\"application\/ld+json\" class=\"yoast-schema-graph\">{\"@context\":\"https:\/\/schema.org\",\"@graph\":[{\"@type\":\"Article\",\"@id\":\"https:\/\/regalaunninot.com\/es\/falla-decorativa-fiesta-popular-ayuntamiento-pucol-miajadas-valua\/#article\",\"isPartOf\":{\"@id\":\"https:\/\/regalaunninot.com\/es\/falla-decorativa-fiesta-popular-ayuntamiento-pucol-miajadas-valua\/\"},\"author\":{\"name\":\"Leonor Guarnizo\",\"@id\":\"https:\/\/regalaunninot.com\/es\/#\/schema\/person\/a075a4abc609442ae3a26b7236f10a85\"},\"headline\":\"Una falla decorativa para el evento de celebraci\u00f3n del 25\u00ba aniversario del hermanamiento de Miajadas-Pu\u00e7ol\",\"datePublished\":\"2025-04-03T14:06:37+00:00\",\"dateModified\":\"2025-04-03T14:06:39+00:00\",\"mainEntityOfPage\":{\"@id\":\"https:\/\/regalaunninot.com\/es\/falla-decorativa-fiesta-popular-ayuntamiento-pucol-miajadas-valua\/\"},\"wordCount\":585,\"publisher\":{\"@id\":\"https:\/\/regalaunninot.com\/es\/#organization\"},\"image\":{\"@id\":\"https:\/\/regalaunninot.com\/es\/falla-decorativa-fiesta-popular-ayuntamiento-pucol-miajadas-valua\/#primaryimage\"},\"thumbnailUrl\":\"https:\/\/regalaunninot.com\/wp-content\/uploads\/2025\/04\/web2-falla-pucol-evento-valua.jpg\",\"keywords\":[\"artistas falleros\",\"decoraci\u00f3 d&#039;esdeveniments\",\"decoraci\u00f3n\",\"decoraci\u00f3n de espacios\",\"decoraci\u00f3n evento\",\"decoraci\u00f3n original\",\"falla\",\"falla decorativa\",\"fallas de valencia\",\"valencia\"],\"articleSection\":[\"Noticias de regala un ninot\"],\"inLanguage\":\"es\"},{\"@type\":\"WebPage\",\"@id\":\"https:\/\/regalaunninot.com\/es\/falla-decorativa-fiesta-popular-ayuntamiento-pucol-miajadas-valua\/\",\"url\":\"https:\/\/regalaunninot.com\/es\/falla-decorativa-fiesta-popular-ayuntamiento-pucol-miajadas-valua\/\",\"name\":\"Falla decorativa para el 25\u00ba aniversario Miajadas-Pu\u00e7ol | Valua\",\"isPartOf\":{\"@id\":\"https:\/\/regalaunninot.com\/es\/#website\"},\"primaryImageOfPage\":{\"@id\":\"https:\/\/regalaunninot.com\/es\/falla-decorativa-fiesta-popular-ayuntamiento-pucol-miajadas-valua\/#primaryimage\"},\"image\":{\"@id\":\"https:\/\/regalaunninot.com\/es\/falla-decorativa-fiesta-popular-ayuntamiento-pucol-miajadas-valua\/#primaryimage\"},\"thumbnailUrl\":\"https:\/\/regalaunninot.com\/wp-content\/uploads\/2025\/04\/web2-falla-pucol-evento-valua.jpg\",\"datePublished\":\"2025-04-03T14:06:37+00:00\",\"dateModified\":\"2025-04-03T14:06:39+00:00\",\"description\":\"En el 25 aniversario del hermanamiento Miajadas-Pu\u00e7ol, contaron con una falla decorativa realizada para el evento realizada por Valua.\",\"breadcrumb\":{\"@id\":\"https:\/\/regalaunninot.com\/es\/falla-decorativa-fiesta-popular-ayuntamiento-pucol-miajadas-valua\/#breadcrumb\"},\"inLanguage\":\"es\",\"potentialAction\":[{\"@type\":\"ReadAction\",\"target\":[\"https:\/\/regalaunninot.com\/es\/falla-decorativa-fiesta-popular-ayuntamiento-pucol-miajadas-valua\/\"]}]},{\"@type\":\"ImageObject\",\"inLanguage\":\"es\",\"@id\":\"https:\/\/regalaunninot.com\/es\/falla-decorativa-fiesta-popular-ayuntamiento-pucol-miajadas-valua\/#primaryimage\",\"url\":\"https:\/\/regalaunninot.com\/wp-content\/uploads\/2025\/04\/web2-falla-pucol-evento-valua.jpg\",\"contentUrl\":\"https:\/\/regalaunninot.com\/wp-content\/uploads\/2025\/04\/web2-falla-pucol-evento-valua.jpg\",\"width\":2048,\"height\":1536},{\"@type\":\"BreadcrumbList\",\"@id\":\"https:\/\/regalaunninot.com\/es\/falla-decorativa-fiesta-popular-ayuntamiento-pucol-miajadas-valua\/#breadcrumb\",\"itemListElement\":[{\"@type\":\"ListItem\",\"position\":1,\"name\":\"Inici\",\"item\":\"https:\/\/regalaunninot.com\/es\/\"},{\"@type\":\"ListItem\",\"position\":2,\"name\":\"Una falla decorativa para el evento de celebraci\u00f3n del 25\u00ba aniversario del hermanamiento de Miajadas-Pu\u00e7ol\"}]},{\"@type\":\"WebSite\",\"@id\":\"https:\/\/regalaunninot.com\/es\/#website\",\"url\":\"https:\/\/regalaunninot.com\/es\/\",\"name\":\"\ud83c\udf81 Regala Un Ninot \u200d\ud83c\udfa8\",\"description\":\"Regala la creatividad de nuestros artistas falleros y foguereros\",\"publisher\":{\"@id\":\"https:\/\/regalaunninot.com\/es\/#organization\"},\"potentialAction\":[{\"@type\":\"SearchAction\",\"target\":{\"@type\":\"EntryPoint\",\"urlTemplate\":\"https:\/\/regalaunninot.com\/es\/?s={search_term_string}\"},\"query-input\":{\"@type\":\"PropertyValueSpecification\",\"valueRequired\":true,\"valueName\":\"search_term_string\"}}],\"inLanguage\":\"es\"},{\"@type\":\"Organization\",\"@id\":\"https:\/\/regalaunninot.com\/es\/#organization\",\"name\":\"Regala Un Ninot\",\"url\":\"https:\/\/regalaunninot.com\/es\/\",\"logo\":{\"@type\":\"ImageObject\",\"inLanguage\":\"es\",\"@id\":\"https:\/\/regalaunninot.com\/es\/#\/schema\/logo\/image\/\",\"url\":\"https:\/\/regalaunninot.com\/wp-content\/uploads\/2020\/12\/logo-regala-un-ninot-h.png\",\"contentUrl\":\"https:\/\/regalaunninot.com\/wp-content\/uploads\/2020\/12\/logo-regala-un-ninot-h.png\",\"width\":1787,\"height\":705,\"caption\":\"Regala Un Ninot\"},\"image\":{\"@id\":\"https:\/\/regalaunninot.com\/es\/#\/schema\/logo\/image\/\"}},{\"@type\":\"Person\",\"@id\":\"https:\/\/regalaunninot.com\/es\/#\/schema\/person\/a075a4abc609442ae3a26b7236f10a85\",\"name\":\"Leonor Guarnizo\",\"image\":{\"@type\":\"ImageObject\",\"inLanguage\":\"es\",\"@id\":\"https:\/\/regalaunninot.com\/es\/#\/schema\/person\/image\/\",\"url\":\"https:\/\/secure.gravatar.com\/avatar\/53554051042a5a3603a010ce4f91f6391161f04e13f4415ceef45f79c20ec3ad?s=96&d=mm&r=g\",\"contentUrl\":\"https:\/\/secure.gravatar.com\/avatar\/53554051042a5a3603a010ce4f91f6391161f04e13f4415ceef45f79c20ec3ad?s=96&d=mm&r=g\",\"caption\":\"Leonor Guarnizo\"}}]}<\/script>\n<!-- \/ Yoast SEO Premium plugin. -->","yoast_head_json":{"title":"Falla decorativa para el 25\u00ba aniversario Miajadas-Pu\u00e7ol | Valua","description":"En el 25 aniversario del hermanamiento Miajadas-Pu\u00e7ol, contaron con una falla decorativa realizada para el evento realizada por Valua.","robots":{"index":"index","follow":"follow","max-snippet":"max-snippet:-1","max-image-preview":"max-image-preview:large","max-video-preview":"max-video-preview:-1"},"canonical":"https:\/\/regalaunninot.com\/es\/falla-decorativa-fiesta-popular-ayuntamiento-pucol-miajadas-valua\/","og_locale":"es_ES","og_type":"article","og_title":"Una falla decorativa para el evento de celebraci\u00f3n del 25\u00ba aniversario del hermanamiento de Miajadas-Pu\u00e7ol","og_description":"En el 25 aniversario del hermanamiento Miajadas-Pu\u00e7ol, contaron con una falla decorativa realizada para el evento realizada por Valua.","og_url":"https:\/\/regalaunninot.com\/es\/falla-decorativa-fiesta-popular-ayuntamiento-pucol-miajadas-valua\/","og_site_name":"\ud83c\udf81 Regala Un Ninot \u200d\ud83c\udfa8","article_published_time":"2025-04-03T14:06:37+00:00","article_modified_time":"2025-04-03T14:06:39+00:00","og_image":[{"width":2048,"height":1536,"url":"https:\/\/regalaunninot.com\/wp-content\/uploads\/2025\/04\/web2-falla-pucol-evento-valua.jpg","type":"image\/jpeg"}],"author":"Leonor Guarnizo","twitter_card":"summary_large_image","twitter_misc":{"Escrito por":"Leonor Guarnizo","Tiempo de lectura":"3 minutos"},"schema":{"@context":"https:\/\/schema.org","@graph":[{"@type":"Article","@id":"https:\/\/regalaunninot.com\/es\/falla-decorativa-fiesta-popular-ayuntamiento-pucol-miajadas-valua\/#article","isPartOf":{"@id":"https:\/\/regalaunninot.com\/es\/falla-decorativa-fiesta-popular-ayuntamiento-pucol-miajadas-valua\/"},"author":{"name":"Leonor Guarnizo","@id":"https:\/\/regalaunninot.com\/es\/#\/schema\/person\/a075a4abc609442ae3a26b7236f10a85"},"headline":"Una falla decorativa para el evento de celebraci\u00f3n del 25\u00ba aniversario del hermanamiento de Miajadas-Pu\u00e7ol","datePublished":"2025-04-03T14:06:37+00:00","dateModified":"2025-04-03T14:06:39+00:00","mainEntityOfPage":{"@id":"https:\/\/regalaunninot.com\/es\/falla-decorativa-fiesta-popular-ayuntamiento-pucol-miajadas-valua\/"},"wordCount":585,"publisher":{"@id":"https:\/\/regalaunninot.com\/es\/#organization"},"image":{"@id":"https:\/\/regalaunninot.com\/es\/falla-decorativa-fiesta-popular-ayuntamiento-pucol-miajadas-valua\/#primaryimage"},"thumbnailUrl":"https:\/\/regalaunninot.com\/wp-content\/uploads\/2025\/04\/web2-falla-pucol-evento-valua.jpg","keywords":["artistas falleros","decoraci\u00f3 d&#039;esdeveniments","decoraci\u00f3n","decoraci\u00f3n de espacios","decoraci\u00f3n evento","decoraci\u00f3n original","falla","falla decorativa","fallas de valencia","valencia"],"articleSection":["Noticias de regala un ninot"],"inLanguage":"es"},{"@type":"WebPage","@id":"https:\/\/regalaunninot.com\/es\/falla-decorativa-fiesta-popular-ayuntamiento-pucol-miajadas-valua\/","url":"https:\/\/regalaunninot.com\/es\/falla-decorativa-fiesta-popular-ayuntamiento-pucol-miajadas-valua\/","name":"Falla decorativa para el 25\u00ba aniversario Miajadas-Pu\u00e7ol | Valua","isPartOf":{"@id":"https:\/\/regalaunninot.com\/es\/#website"},"primaryImageOfPage":{"@id":"https:\/\/regalaunninot.com\/es\/falla-decorativa-fiesta-popular-ayuntamiento-pucol-miajadas-valua\/#primaryimage"},"image":{"@id":"https:\/\/regalaunninot.com\/es\/falla-decorativa-fiesta-popular-ayuntamiento-pucol-miajadas-valua\/#primaryimage"},"thumbnailUrl":"https:\/\/regalaunninot.com\/wp-content\/uploads\/2025\/04\/web2-falla-pucol-evento-valua.jpg","datePublished":"2025-04-03T14:06:37+00:00","dateModified":"2025-04-03T14:06:39+00:00","description":"En el 25 aniversario del hermanamiento Miajadas-Pu\u00e7ol, contaron con una falla decorativa realizada para el evento realizada por Valua.","breadcrumb":{"@id":"https:\/\/regalaunninot.com\/es\/falla-decorativa-fiesta-popular-ayuntamiento-pucol-miajadas-valua\/#breadcrumb"},"inLanguage":"es","potentialAction":[{"@type":"ReadAction","target":["https:\/\/regalaunninot.com\/es\/falla-decorativa-fiesta-popular-ayuntamiento-pucol-miajadas-valua\/"]}]},{"@type":"ImageObject","inLanguage":"es","@id":"https:\/\/regalaunninot.com\/es\/falla-decorativa-fiesta-popular-ayuntamiento-pucol-miajadas-valua\/#primaryimage","url":"https:\/\/regalaunninot.com\/wp-content\/uploads\/2025\/04\/web2-falla-pucol-evento-valua.jpg","contentUrl":"https:\/\/regalaunninot.com\/wp-content\/uploads\/2025\/04\/web2-falla-pucol-evento-valua.jpg","width":2048,"height":1536},{"@type":"BreadcrumbList","@id":"https:\/\/regalaunninot.com\/es\/falla-decorativa-fiesta-popular-ayuntamiento-pucol-miajadas-valua\/#breadcrumb","itemListElement":[{"@type":"ListItem","position":1,"name":"Inici","item":"https:\/\/regalaunninot.com\/es\/"},{"@type":"ListItem","position":2,"name":"Una falla decorativa para el evento de celebraci\u00f3n del 25\u00ba aniversario del hermanamiento de Miajadas-Pu\u00e7ol"}]},{"@type":"WebSite","@id":"https:\/\/regalaunninot.com\/es\/#website","url":"https:\/\/regalaunninot.com\/es\/","name":"\ud83c\udf81 Regala Un Ninot \u200d\ud83c\udfa8","description":"Regala la creatividad de nuestros artistas falleros y foguereros","publisher":{"@id":"https:\/\/regalaunninot.com\/es\/#organization"},"potentialAction":[{"@type":"SearchAction","target":{"@type":"EntryPoint","urlTemplate":"https:\/\/regalaunninot.com\/es\/?s={search_term_string}"},"query-input":{"@type":"PropertyValueSpecification","valueRequired":true,"valueName":"search_term_string"}}],"inLanguage":"es"},{"@type":"Organization","@id":"https:\/\/regalaunninot.com\/es\/#organization","name":"Regala Un Ninot","url":"https:\/\/regalaunninot.com\/es\/","logo":{"@type":"ImageObject","inLanguage":"es","@id":"https:\/\/regalaunninot.com\/es\/#\/schema\/logo\/image\/","url":"https:\/\/regalaunninot.com\/wp-content\/uploads\/2020\/12\/logo-regala-un-ninot-h.png","contentUrl":"https:\/\/regalaunninot.com\/wp-content\/uploads\/2020\/12\/logo-regala-un-ninot-h.png","width":1787,"height":705,"caption":"Regala Un Ninot"},"image":{"@id":"https:\/\/regalaunninot.com\/es\/#\/schema\/logo\/image\/"}},{"@type":"Person","@id":"https:\/\/regalaunninot.com\/es\/#\/schema\/person\/a075a4abc609442ae3a26b7236f10a85","name":"Leonor Guarnizo","image":{"@type":"ImageObject","inLanguage":"es","@id":"https:\/\/regalaunninot.com\/es\/#\/schema\/person\/image\/","url":"https:\/\/secure.gravatar.com\/avatar\/53554051042a5a3603a010ce4f91f6391161f04e13f4415ceef45f79c20ec3ad?s=96&d=mm&r=g","contentUrl":"https:\/\/secure.gravatar.com\/avatar\/53554051042a5a3603a010ce4f91f6391161f04e13f4415ceef45f79c20ec3ad?s=96&d=mm&r=g","caption":"Leonor Guarnizo"}}]}},"_links":{"self":[{"href":"https:\/\/regalaunninot.com\/es\/wp-json\/wp\/v2\/posts\/10950","targetHints":{"allow":["GET"]}}],"collection":[{"href":"https:\/\/regalaunninot.com\/es\/wp-json\/wp\/v2\/posts"}],"about":[{"href":"https:\/\/regalaunninot.com\/es\/wp-json\/wp\/v2\/types\/post"}],"author":[{"embeddable":true,"href":"https:\/\/regalaunninot.com\/es\/wp-json\/wp\/v2\/users\/7"}],"replies":[{"embeddable":true,"href":"https:\/\/regalaunninot.com\/es\/wp-json\/wp\/v2\/comments?post=10950"}],"version-history":[{"count":3,"href":"https:\/\/regalaunninot.com\/es\/wp-json\/wp\/v2\/posts\/10950\/revisions"}],"predecessor-version":[{"id":10959,"href":"https:\/\/regalaunninot.com\/es\/wp-json\/wp\/v2\/posts\/10950\/revisions\/10959"}],"wp:featuredmedia":[{"embeddable":true,"href":"https:\/\/regalaunninot.com\/es\/wp-json\/wp\/v2\/media\/10955"}],"wp:attachment":[{"href":"https:\/\/regalaunninot.com\/es\/wp-json\/wp\/v2\/media?parent=10950"}],"wp:term":[{"taxonomy":"category","embeddable":true,"href":"https:\/\/regalaunninot.com\/es\/wp-json\/wp\/v2\/categories?post=10950"},{"taxonomy":"post_tag","embeddable":true,"href":"https:\/\/regalaunninot.com\/es\/wp-json\/wp\/v2\/tags?post=10950"}],"curies":[{"name":"wp","href":"https:\/\/api.w.org\/{rel}","templated":true}]}}