{"id":10993,"date":"2025-07-04T13:48:14","date_gmt":"2025-07-04T11:48:14","guid":{"rendered":"https:\/\/regalaunninot.com\/?p=10993"},"modified":"2025-07-04T15:21:32","modified_gmt":"2025-07-04T13:21:32","slug":"tres-abelles-ninots-un-viatge-solidari-de-valencia-a-la-alcarria","status":"publish","type":"post","link":"https:\/\/regalaunninot.com\/es\/tres-abelles-ninots-un-viatge-solidari-de-valencia-a-la-alcarria\/","title":{"rendered":"Tres abejas ninot: un viaje solidario de Valencia a la Alcarria"},"content":{"rendered":"\n<p>En Regala un Ninot nos encanta compartir historias donde el\u00a0<strong>arte fallero<\/strong>\u00a0trasciende las Fallas para convertirse en un s\u00edmbolo de <strong>solidaridad y conciencia<\/strong>. Hoy queremos hablarte de un proyecto que nos ha emocionado especialmente:\u00a0<strong>\u00ab3 abejas ninot solidarias viajan a la Alcarria\u00bb<\/strong>. Una iniciativa que ha unido dos puntos de nuestra geograf\u00eda con un prop\u00f3sito precioso.<\/p>\n\n\n\n<figure class=\"wp-block-image size-large\"><img loading=\"lazy\" decoding=\"async\" width=\"1024\" height=\"768\" src=\"https:\/\/regalaunninot.com\/wp-content\/uploads\/2025\/07\/Diseno-sin-titulo-7-1024x768.jpg\" alt=\"\" class=\"wp-image-10991\"\/><\/figure>\n\n\n\n<h2 class=\"wp-block-heading\" id=\"h-un-gesto-de-corazon-en-tiempos-dificiles\">Un gesto de coraz\u00f3n en tiempos dif\u00edciles<\/h2>\n\n\n\n<p>Hace unos meses, la\u00a0<strong>DANA<\/strong>\u00a0golpe\u00f3 duramente la Comunitat Valenciana, dejando un rastro de devastaci\u00f3n. Entre los afectados,\u00a0<strong>21 talleres falleros<\/strong>\u00a0sufrieron las consecuencias, con seis de ellos pr\u00e1cticamente arrasados. En medio de esta adversidad, un rayo de esperanza surgi\u00f3 desde la\u00a0<strong>Alcarria<\/strong>, una comarca de Guadalajara c\u00e9lebre por su miel y su profunda conexi\u00f3n con el mundo ap\u00edcola.<\/p>\n\n\n\n<h2 class=\"wp-block-heading\" id=\"h-la-magia-de-las-burbutrizes-y-la-apicultura\">La magia de las \u00abBurbutrizes\u00bb y la apicultura<\/h2>\n\n\n\n<p>Aqu\u00ed es donde entra en juego un grupo de amigas de Guadalajara, las \u00ab<strong>Burbutrizes<\/strong>\u00ab, conocidas por su altruismo y por difundir los valores de su tierra. Con el apoyo de la&nbsp;<strong>Asociaci\u00f3n de Apicultores de Guadalajara<\/strong>, las Burbutrizes tuvieron una idea brillante y solidaria: encargar la creaci\u00f3n de&nbsp;<strong>tres ninots con forma de abeja<\/strong>&nbsp;a un taller fallero valenciano afectado por la DANA. La elegida fue&nbsp;<strong>Miriam Garc\u00eda Sandemetrio<\/strong>, una talentosa artista de Paiporta.<\/p>\n\n\n\n<p>El objetivo era doble: por un lado,&nbsp;<strong>apoyar econ\u00f3micamente la reconstrucci\u00f3n del taller de Miriam<\/strong>, y por otro,&nbsp;<strong>concienciar sobre la vital importancia de las abejas<\/strong>&nbsp;para nuestro planeta, justo a tiempo para la celebraci\u00f3n del&nbsp;<strong>D\u00eda Mundial de las Abejas<\/strong>.<\/p>\n\n\n\n<figure class=\"wp-block-image size-large\"><img loading=\"lazy\" decoding=\"async\" width=\"1024\" height=\"768\" src=\"https:\/\/regalaunninot.com\/wp-content\/uploads\/2025\/07\/Diseno-sin-titulo-4-1024x768.jpg\" alt=\"\" class=\"wp-image-10978\"\/><\/figure>\n\n\n\n<h3 class=\"wp-block-heading\" id=\"h-la-planta-en-la-alcarria-un-simbolismo-dulce-y-poderoso\">La \u00abPlant\u00e0\u00bb en la Alcarria: un simbolismo dulce y poderoso<\/h3>\n\n\n\n<p>El proyecto, presentado el pasado 16 de marzo en la Feria Ap\u00edcola de Pastrana, culmin\u00f3 el&nbsp;<strong>domingo 18 de mayo de 2025<\/strong>con la simb\u00f3lica \u00abplant\u00e0\u00bb de los ninots en sus respectivos municipios:&nbsp;<strong>Pastrana, Budia y Pe\u00f1alver<\/strong>. Fue un itinerario entra\u00f1able donde los alcaldes \u2014Yolanda Escolar de Pe\u00f1alver, Daniel Cano de Pastrana y David Nicol\u00e1s de Budia\u2014, junto a las Burbutrizes y Lola Moreno, veterinaria de la Asociaci\u00f3n de Apicultores, celebraron este d\u00eda tan especial.<\/p>\n\n\n\n<p>Las abejas-ninot, con el inconfundible sello infantil de&nbsp;<strong>Miriam Garc\u00eda Sandemetrio<\/strong>, incorporaron elementos que las hac\u00edan \u00fanicas para cada localidad:<\/p>\n\n\n\n<ul class=\"wp-block-list\">\n<li>La abeja de&nbsp;<strong>Pastrana<\/strong>&nbsp;luci\u00f3 un parche en el ojo y una gola, rindiendo homenaje a la&nbsp;<strong>Princesa de \u00c9boli<\/strong>.<\/li>\n\n\n\n<li>La de&nbsp;<strong>Pe\u00f1alver<\/strong>&nbsp;represent\u00f3 a una&nbsp;<strong>melera<\/strong>&nbsp;con un cubeto a cuestas y el escudo local.<\/li>\n\n\n\n<li>La de&nbsp;<strong>Budia<\/strong>&nbsp;mostr\u00f3 en su pecho el s\u00edmbolo del&nbsp;<strong>Museo APIBudia<\/strong>, contando adem\u00e1s con el patrocinio de&nbsp;<strong>Hercesa<\/strong>, que colabora con la colmena de la Fundaci\u00f3n Amigos de las Abejas.<\/li>\n<\/ul>\n\n\n\n<figure class=\"wp-block-image size-large\"><img loading=\"lazy\" decoding=\"async\" width=\"1024\" height=\"667\" src=\"https:\/\/regalaunninot.com\/wp-content\/uploads\/2025\/07\/Diseno-sin-titulo-5-1024x667.jpg\" alt=\"\" class=\"wp-image-10980\"\/><\/figure>\n\n\n\n<h3 class=\"wp-block-heading\" id=\"h-mas-que-ninots-un-homenaje-a-la-vida-y-la-resiliencia\">M\u00e1s que ninots, un homenaje a la vida y la resiliencia<\/h3>\n\n\n\n<p>El director art\u00edstico y maestro fallero&nbsp;<strong>Ra\u00fal Mart\u00ednez<\/strong>&nbsp;fue el encargado de trasladar estas singulares abejas desde&nbsp;<strong>Paiporta<\/strong>, expresando su gratitud y la importancia de estas iniciativas para ayudar a los talleres a \u00abremontar\u00bb. Como bien dijo Laura Dom\u00ednguez de las&nbsp;<strong>Burbutrizes<\/strong>, esta idea tuvo un final feliz, ya que los talleres falleros se est\u00e1n recuperando y \u00ablas abejas generan pura vida\u00bb.<\/p>\n\n\n\n<p>Desde\u00a0<strong>Regala un Ninot<\/strong>, aplaudimos esta maravillosa fusi\u00f3n de arte, tradici\u00f3n y solidaridad. Un proyecto que demuestra c\u00f3mo los ninots pueden ir m\u00e1s all\u00e1 de la fiesta para tejer puentes, generar conciencia y, sobre todo,\u00a0<strong>apoyar a aquellos que m\u00e1s lo necesitan<\/strong>.<\/p>\n\n\n\n<figure class=\"wp-block-image size-large\"><img loading=\"lazy\" decoding=\"async\" width=\"1024\" height=\"768\" src=\"https:\/\/regalaunninot.com\/wp-content\/uploads\/2025\/07\/Diseno-sin-titulo-6-1024x768.jpg\" alt=\"\" class=\"wp-image-10982\"\/><\/figure>\n\n\n\n<h2 class=\"wp-block-heading\" id=\"h-valua-lleva-la-creatividad-a-los-eventos\">Valua lleva la creatividad a los eventos<\/h2>\n\n\n\n<p>En Valua, nuestra pasi\u00f3n es transformar los eventos en experiencias memorables, y el proyecto de las \u00ab3 abejas-ninot solidarias\u00bb es un ejemplo clar\u00edsimo. Nuestra especialidad es crear elementos que no solo decoren, sino que tambi\u00e9n&nbsp;<strong>interact\u00faen con la gente y generen un impacto visual y emocional<\/strong>.<\/p>\n\n\n\n<p>Hemos dado vida a proyectos tan diversos como&nbsp;<strong>La Bota gigante para el Carnaval de Tarragona<\/strong>, una pieza imponente que capt\u00f3 todas las miradas. Para la presentaci\u00f3n del libro de Ron Barcel\u00f3, junto a Aleix Puig, fundador de VICIO,&nbsp;<strong>recreamos el libro a escala gigante<\/strong>, acompa\u00f1ado de unas patatas fritas bien doradas y una nevera rosa que se convirtieron en un&nbsp;<em>corner<\/em>&nbsp;fotogr\u00e1fico donde la gente pudo interactuar directamente con la marca.<\/p>\n\n\n\n<p>Incluso podemos&nbsp;<strong>tematizar estands para ferias y congresos<\/strong>, d\u00e1ndoles ese extra que ayuda a nuestros clientes a destacar. Por ejemplo, para&nbsp;<strong>Roses de Almer\u00eda, en la ExpoLevante24<\/strong>, tuvieron un&nbsp;<strong>tomate gigante<\/strong>&nbsp;que mostraba la frescura y calidad de sus productos, captando la atenci\u00f3n de todos los visitantes. Y para el festival&nbsp;<strong>Holika<\/strong>, creamos toda la&nbsp;<strong>escenograf\u00eda de los dos escenarios principales<\/strong>, transformando el espacio en un mundo inmersivo.<\/p>\n\n\n\n<p>El potencial de los&nbsp;<strong>ninots<\/strong>&nbsp;en eventos es inmenso. Si necesitas impactar en un evento, lograr que los asistentes interact\u00faen de manera creativa y que tu mensaje perdure en la memoria,&nbsp;<strong>contacta con Valua<\/strong>. Ya sea un ninot tem\u00e1tico o cualquier otra soluci\u00f3n creativa, te daremos la soluci\u00f3n \u00fanica que necesitas.<\/p>\n\n\n\n<p><\/p>\n","protected":false},"excerpt":{"rendered":"<p>En Regala un Ninot nos encanta compartir historias donde el\u00a0arte fallero\u00a0trasciende las Fallas para convertirse en un s\u00edmbolo de solidaridad y conciencia. Hoy queremos hablarte de un proyecto que nos ha emocionado especialmente:\u00a0\u00ab3 abejas ninot solidarias viajan a la Alcarria\u00bb. Una iniciativa que ha unido dos puntos de nuestra geograf\u00eda con un prop\u00f3sito precioso. Un [&hellip;]<\/p>\n","protected":false},"author":1,"featured_media":10989,"comment_status":"closed","ping_status":"closed","sticky":false,"template":"","format":"standard","meta":{"footnotes":""},"categories":[313],"tags":[],"class_list":["post-10993","post","type-post","status-publish","format-standard","has-post-thumbnail","hentry","category-noticias-de-regala-un-ninot"],"acf":[],"yoast_head":"<!-- This site is optimized with the Yoast SEO Premium plugin v19.3 (Yoast SEO v26.5) - https:\/\/yoast.com\/wordpress\/plugins\/seo\/ -->\n<title>Tres abejas ninot: un viaje solidario de Valencia a la Alcarria | \ud83c\udf81 Regala Un Ninot \u200d\ud83c\udfa8<\/title>\n<meta name=\"robots\" content=\"index, follow, max-snippet:-1, max-image-preview:large, max-video-preview:-1\" \/>\n<link rel=\"canonical\" href=\"https:\/\/regalaunninot.com\/es\/tres-abelles-ninots-un-viatge-solidari-de-valencia-a-la-alcarria\/\" \/>\n<meta property=\"og:locale\" content=\"es_ES\" \/>\n<meta property=\"og:type\" content=\"article\" \/>\n<meta property=\"og:title\" content=\"Tres abejas ninot: un viaje solidario de Valencia a la Alcarria\" \/>\n<meta property=\"og:description\" content=\"En Regala un Ninot nos encanta compartir historias donde el\u00a0arte fallero\u00a0trasciende las Fallas para convertirse en un s\u00edmbolo de solidaridad y conciencia. Hoy queremos hablarte de un proyecto que nos ha emocionado especialmente:\u00a0\u00ab3 abejas ninot solidarias viajan a la Alcarria\u00bb. Una iniciativa que ha unido dos puntos de nuestra geograf\u00eda con un prop\u00f3sito precioso. Un [&hellip;]\" \/>\n<meta property=\"og:url\" content=\"https:\/\/regalaunninot.com\/es\/tres-abelles-ninots-un-viatge-solidari-de-valencia-a-la-alcarria\/\" \/>\n<meta property=\"og:site_name\" content=\"\ud83c\udf81 Regala Un Ninot \u200d\ud83c\udfa8\" \/>\n<meta property=\"article:published_time\" content=\"2025-07-04T11:48:14+00:00\" \/>\n<meta property=\"article:modified_time\" content=\"2025-07-04T13:21:32+00:00\" \/>\n<meta property=\"og:image\" content=\"https:\/\/regalaunninot.com\/wp-content\/uploads\/2025\/07\/abejas-valua.jpg\" \/>\n\t<meta property=\"og:image:width\" content=\"2048\" \/>\n\t<meta property=\"og:image:height\" content=\"1536\" \/>\n\t<meta property=\"og:image:type\" content=\"image\/jpeg\" \/>\n<meta name=\"author\" content=\"regalaunninot\" \/>\n<meta name=\"twitter:card\" content=\"summary_large_image\" \/>\n<meta name=\"twitter:label1\" content=\"Escrito por\" \/>\n\t<meta name=\"twitter:data1\" content=\"regalaunninot\" \/>\n\t<meta name=\"twitter:label2\" content=\"Tiempo de lectura\" \/>\n\t<meta name=\"twitter:data2\" content=\"6 minutos\" \/>\n<script type=\"application\/ld+json\" class=\"yoast-schema-graph\">{\"@context\":\"https:\/\/schema.org\",\"@graph\":[{\"@type\":\"Article\",\"@id\":\"https:\/\/regalaunninot.com\/es\/tres-abelles-ninots-un-viatge-solidari-de-valencia-a-la-alcarria\/#article\",\"isPartOf\":{\"@id\":\"https:\/\/regalaunninot.com\/es\/tres-abelles-ninots-un-viatge-solidari-de-valencia-a-la-alcarria\/\"},\"author\":{\"name\":\"regalaunninot\",\"@id\":\"https:\/\/regalaunninot.com\/es\/#\/schema\/person\/8507d97f380cd3c3f3d45750d63884aa\"},\"headline\":\"Tres abejas ninot: un viaje solidario de Valencia a la Alcarria\",\"datePublished\":\"2025-07-04T11:48:14+00:00\",\"dateModified\":\"2025-07-04T13:21:32+00:00\",\"mainEntityOfPage\":{\"@id\":\"https:\/\/regalaunninot.com\/es\/tres-abelles-ninots-un-viatge-solidari-de-valencia-a-la-alcarria\/\"},\"wordCount\":879,\"publisher\":{\"@id\":\"https:\/\/regalaunninot.com\/es\/#organization\"},\"image\":{\"@id\":\"https:\/\/regalaunninot.com\/es\/tres-abelles-ninots-un-viatge-solidari-de-valencia-a-la-alcarria\/#primaryimage\"},\"thumbnailUrl\":\"https:\/\/regalaunninot.com\/wp-content\/uploads\/2025\/07\/abejas-valua.jpg\",\"articleSection\":[\"Noticias de regala un ninot\"],\"inLanguage\":\"es\"},{\"@type\":\"WebPage\",\"@id\":\"https:\/\/regalaunninot.com\/es\/tres-abelles-ninots-un-viatge-solidari-de-valencia-a-la-alcarria\/\",\"url\":\"https:\/\/regalaunninot.com\/es\/tres-abelles-ninots-un-viatge-solidari-de-valencia-a-la-alcarria\/\",\"name\":\"Tres abejas ninot: un viaje solidario de Valencia a la Alcarria | \ud83c\udf81 Regala Un Ninot \u200d\ud83c\udfa8\",\"isPartOf\":{\"@id\":\"https:\/\/regalaunninot.com\/es\/#website\"},\"primaryImageOfPage\":{\"@id\":\"https:\/\/regalaunninot.com\/es\/tres-abelles-ninots-un-viatge-solidari-de-valencia-a-la-alcarria\/#primaryimage\"},\"image\":{\"@id\":\"https:\/\/regalaunninot.com\/es\/tres-abelles-ninots-un-viatge-solidari-de-valencia-a-la-alcarria\/#primaryimage\"},\"thumbnailUrl\":\"https:\/\/regalaunninot.com\/wp-content\/uploads\/2025\/07\/abejas-valua.jpg\",\"datePublished\":\"2025-07-04T11:48:14+00:00\",\"dateModified\":\"2025-07-04T13:21:32+00:00\",\"breadcrumb\":{\"@id\":\"https:\/\/regalaunninot.com\/es\/tres-abelles-ninots-un-viatge-solidari-de-valencia-a-la-alcarria\/#breadcrumb\"},\"inLanguage\":\"es\",\"potentialAction\":[{\"@type\":\"ReadAction\",\"target\":[\"https:\/\/regalaunninot.com\/es\/tres-abelles-ninots-un-viatge-solidari-de-valencia-a-la-alcarria\/\"]}]},{\"@type\":\"ImageObject\",\"inLanguage\":\"es\",\"@id\":\"https:\/\/regalaunninot.com\/es\/tres-abelles-ninots-un-viatge-solidari-de-valencia-a-la-alcarria\/#primaryimage\",\"url\":\"https:\/\/regalaunninot.com\/wp-content\/uploads\/2025\/07\/abejas-valua.jpg\",\"contentUrl\":\"https:\/\/regalaunninot.com\/wp-content\/uploads\/2025\/07\/abejas-valua.jpg\",\"width\":2048,\"height\":1536},{\"@type\":\"BreadcrumbList\",\"@id\":\"https:\/\/regalaunninot.com\/es\/tres-abelles-ninots-un-viatge-solidari-de-valencia-a-la-alcarria\/#breadcrumb\",\"itemListElement\":[{\"@type\":\"ListItem\",\"position\":1,\"name\":\"Inici\",\"item\":\"https:\/\/regalaunninot.com\/es\/\"},{\"@type\":\"ListItem\",\"position\":2,\"name\":\"Tres abejas ninot: un viaje solidario de Valencia a la Alcarria\"}]},{\"@type\":\"WebSite\",\"@id\":\"https:\/\/regalaunninot.com\/es\/#website\",\"url\":\"https:\/\/regalaunninot.com\/es\/\",\"name\":\"\ud83c\udf81 Regala Un Ninot \u200d\ud83c\udfa8\",\"description\":\"Regala la creatividad de nuestros artistas falleros y foguereros\",\"publisher\":{\"@id\":\"https:\/\/regalaunninot.com\/es\/#organization\"},\"potentialAction\":[{\"@type\":\"SearchAction\",\"target\":{\"@type\":\"EntryPoint\",\"urlTemplate\":\"https:\/\/regalaunninot.com\/es\/?s={search_term_string}\"},\"query-input\":{\"@type\":\"PropertyValueSpecification\",\"valueRequired\":true,\"valueName\":\"search_term_string\"}}],\"inLanguage\":\"es\"},{\"@type\":\"Organization\",\"@id\":\"https:\/\/regalaunninot.com\/es\/#organization\",\"name\":\"Regala Un Ninot\",\"url\":\"https:\/\/regalaunninot.com\/es\/\",\"logo\":{\"@type\":\"ImageObject\",\"inLanguage\":\"es\",\"@id\":\"https:\/\/regalaunninot.com\/es\/#\/schema\/logo\/image\/\",\"url\":\"https:\/\/regalaunninot.com\/wp-content\/uploads\/2020\/12\/logo-regala-un-ninot-h.png\",\"contentUrl\":\"https:\/\/regalaunninot.com\/wp-content\/uploads\/2020\/12\/logo-regala-un-ninot-h.png\",\"width\":1787,\"height\":705,\"caption\":\"Regala Un Ninot\"},\"image\":{\"@id\":\"https:\/\/regalaunninot.com\/es\/#\/schema\/logo\/image\/\"}},{\"@type\":\"Person\",\"@id\":\"https:\/\/regalaunninot.com\/es\/#\/schema\/person\/8507d97f380cd3c3f3d45750d63884aa\",\"name\":\"regalaunninot\",\"image\":{\"@type\":\"ImageObject\",\"inLanguage\":\"es\",\"@id\":\"https:\/\/regalaunninot.com\/es\/#\/schema\/person\/image\/\",\"url\":\"https:\/\/secure.gravatar.com\/avatar\/ff13355018b178563323eb8d24b94e900ee8f3e8049d94325d6c5fbc19e49f10?s=96&d=mm&r=g\",\"contentUrl\":\"https:\/\/secure.gravatar.com\/avatar\/ff13355018b178563323eb8d24b94e900ee8f3e8049d94325d6c5fbc19e49f10?s=96&d=mm&r=g\",\"caption\":\"regalaunninot\"},\"sameAs\":[\"https:\/\/regalaunninot.com\"]}]}<\/script>\n<!-- \/ Yoast SEO Premium plugin. -->","yoast_head_json":{"title":"Tres abejas ninot: un viaje solidario de Valencia a la Alcarria | \ud83c\udf81 Regala Un Ninot \u200d\ud83c\udfa8","robots":{"index":"index","follow":"follow","max-snippet":"max-snippet:-1","max-image-preview":"max-image-preview:large","max-video-preview":"max-video-preview:-1"},"canonical":"https:\/\/regalaunninot.com\/es\/tres-abelles-ninots-un-viatge-solidari-de-valencia-a-la-alcarria\/","og_locale":"es_ES","og_type":"article","og_title":"Tres abejas ninot: un viaje solidario de Valencia a la Alcarria","og_description":"En Regala un Ninot nos encanta compartir historias donde el\u00a0arte fallero\u00a0trasciende las Fallas para convertirse en un s\u00edmbolo de solidaridad y conciencia. Hoy queremos hablarte de un proyecto que nos ha emocionado especialmente:\u00a0\u00ab3 abejas ninot solidarias viajan a la Alcarria\u00bb. Una iniciativa que ha unido dos puntos de nuestra geograf\u00eda con un prop\u00f3sito precioso. Un [&hellip;]","og_url":"https:\/\/regalaunninot.com\/es\/tres-abelles-ninots-un-viatge-solidari-de-valencia-a-la-alcarria\/","og_site_name":"\ud83c\udf81 Regala Un Ninot \u200d\ud83c\udfa8","article_published_time":"2025-07-04T11:48:14+00:00","article_modified_time":"2025-07-04T13:21:32+00:00","og_image":[{"width":2048,"height":1536,"url":"https:\/\/regalaunninot.com\/wp-content\/uploads\/2025\/07\/abejas-valua.jpg","type":"image\/jpeg"}],"author":"regalaunninot","twitter_card":"summary_large_image","twitter_misc":{"Escrito por":"regalaunninot","Tiempo de lectura":"6 minutos"},"schema":{"@context":"https:\/\/schema.org","@graph":[{"@type":"Article","@id":"https:\/\/regalaunninot.com\/es\/tres-abelles-ninots-un-viatge-solidari-de-valencia-a-la-alcarria\/#article","isPartOf":{"@id":"https:\/\/regalaunninot.com\/es\/tres-abelles-ninots-un-viatge-solidari-de-valencia-a-la-alcarria\/"},"author":{"name":"regalaunninot","@id":"https:\/\/regalaunninot.com\/es\/#\/schema\/person\/8507d97f380cd3c3f3d45750d63884aa"},"headline":"Tres abejas ninot: un viaje solidario de Valencia a la Alcarria","datePublished":"2025-07-04T11:48:14+00:00","dateModified":"2025-07-04T13:21:32+00:00","mainEntityOfPage":{"@id":"https:\/\/regalaunninot.com\/es\/tres-abelles-ninots-un-viatge-solidari-de-valencia-a-la-alcarria\/"},"wordCount":879,"publisher":{"@id":"https:\/\/regalaunninot.com\/es\/#organization"},"image":{"@id":"https:\/\/regalaunninot.com\/es\/tres-abelles-ninots-un-viatge-solidari-de-valencia-a-la-alcarria\/#primaryimage"},"thumbnailUrl":"https:\/\/regalaunninot.com\/wp-content\/uploads\/2025\/07\/abejas-valua.jpg","articleSection":["Noticias de regala un ninot"],"inLanguage":"es"},{"@type":"WebPage","@id":"https:\/\/regalaunninot.com\/es\/tres-abelles-ninots-un-viatge-solidari-de-valencia-a-la-alcarria\/","url":"https:\/\/regalaunninot.com\/es\/tres-abelles-ninots-un-viatge-solidari-de-valencia-a-la-alcarria\/","name":"Tres abejas ninot: un viaje solidario de Valencia a la Alcarria | \ud83c\udf81 Regala Un Ninot \u200d\ud83c\udfa8","isPartOf":{"@id":"https:\/\/regalaunninot.com\/es\/#website"},"primaryImageOfPage":{"@id":"https:\/\/regalaunninot.com\/es\/tres-abelles-ninots-un-viatge-solidari-de-valencia-a-la-alcarria\/#primaryimage"},"image":{"@id":"https:\/\/regalaunninot.com\/es\/tres-abelles-ninots-un-viatge-solidari-de-valencia-a-la-alcarria\/#primaryimage"},"thumbnailUrl":"https:\/\/regalaunninot.com\/wp-content\/uploads\/2025\/07\/abejas-valua.jpg","datePublished":"2025-07-04T11:48:14+00:00","dateModified":"2025-07-04T13:21:32+00:00","breadcrumb":{"@id":"https:\/\/regalaunninot.com\/es\/tres-abelles-ninots-un-viatge-solidari-de-valencia-a-la-alcarria\/#breadcrumb"},"inLanguage":"es","potentialAction":[{"@type":"ReadAction","target":["https:\/\/regalaunninot.com\/es\/tres-abelles-ninots-un-viatge-solidari-de-valencia-a-la-alcarria\/"]}]},{"@type":"ImageObject","inLanguage":"es","@id":"https:\/\/regalaunninot.com\/es\/tres-abelles-ninots-un-viatge-solidari-de-valencia-a-la-alcarria\/#primaryimage","url":"https:\/\/regalaunninot.com\/wp-content\/uploads\/2025\/07\/abejas-valua.jpg","contentUrl":"https:\/\/regalaunninot.com\/wp-content\/uploads\/2025\/07\/abejas-valua.jpg","width":2048,"height":1536},{"@type":"BreadcrumbList","@id":"https:\/\/regalaunninot.com\/es\/tres-abelles-ninots-un-viatge-solidari-de-valencia-a-la-alcarria\/#breadcrumb","itemListElement":[{"@type":"ListItem","position":1,"name":"Inici","item":"https:\/\/regalaunninot.com\/es\/"},{"@type":"ListItem","position":2,"name":"Tres abejas ninot: un viaje solidario de Valencia a la Alcarria"}]},{"@type":"WebSite","@id":"https:\/\/regalaunninot.com\/es\/#website","url":"https:\/\/regalaunninot.com\/es\/","name":"\ud83c\udf81 Regala Un Ninot \u200d\ud83c\udfa8","description":"Regala la creatividad de nuestros artistas falleros y foguereros","publisher":{"@id":"https:\/\/regalaunninot.com\/es\/#organization"},"potentialAction":[{"@type":"SearchAction","target":{"@type":"EntryPoint","urlTemplate":"https:\/\/regalaunninot.com\/es\/?s={search_term_string}"},"query-input":{"@type":"PropertyValueSpecification","valueRequired":true,"valueName":"search_term_string"}}],"inLanguage":"es"},{"@type":"Organization","@id":"https:\/\/regalaunninot.com\/es\/#organization","name":"Regala Un Ninot","url":"https:\/\/regalaunninot.com\/es\/","logo":{"@type":"ImageObject","inLanguage":"es","@id":"https:\/\/regalaunninot.com\/es\/#\/schema\/logo\/image\/","url":"https:\/\/regalaunninot.com\/wp-content\/uploads\/2020\/12\/logo-regala-un-ninot-h.png","contentUrl":"https:\/\/regalaunninot.com\/wp-content\/uploads\/2020\/12\/logo-regala-un-ninot-h.png","width":1787,"height":705,"caption":"Regala Un Ninot"},"image":{"@id":"https:\/\/regalaunninot.com\/es\/#\/schema\/logo\/image\/"}},{"@type":"Person","@id":"https:\/\/regalaunninot.com\/es\/#\/schema\/person\/8507d97f380cd3c3f3d45750d63884aa","name":"regalaunninot","image":{"@type":"ImageObject","inLanguage":"es","@id":"https:\/\/regalaunninot.com\/es\/#\/schema\/person\/image\/","url":"https:\/\/secure.gravatar.com\/avatar\/ff13355018b178563323eb8d24b94e900ee8f3e8049d94325d6c5fbc19e49f10?s=96&d=mm&r=g","contentUrl":"https:\/\/secure.gravatar.com\/avatar\/ff13355018b178563323eb8d24b94e900ee8f3e8049d94325d6c5fbc19e49f10?s=96&d=mm&r=g","caption":"regalaunninot"},"sameAs":["https:\/\/regalaunninot.com"]}]}},"_links":{"self":[{"href":"https:\/\/regalaunninot.com\/es\/wp-json\/wp\/v2\/posts\/10993","targetHints":{"allow":["GET"]}}],"collection":[{"href":"https:\/\/regalaunninot.com\/es\/wp-json\/wp\/v2\/posts"}],"about":[{"href":"https:\/\/regalaunninot.com\/es\/wp-json\/wp\/v2\/types\/post"}],"author":[{"embeddable":true,"href":"https:\/\/regalaunninot.com\/es\/wp-json\/wp\/v2\/users\/1"}],"replies":[{"embeddable":true,"href":"https:\/\/regalaunninot.com\/es\/wp-json\/wp\/v2\/comments?post=10993"}],"version-history":[{"count":1,"href":"https:\/\/regalaunninot.com\/es\/wp-json\/wp\/v2\/posts\/10993\/revisions"}],"predecessor-version":[{"id":10994,"href":"https:\/\/regalaunninot.com\/es\/wp-json\/wp\/v2\/posts\/10993\/revisions\/10994"}],"wp:featuredmedia":[{"embeddable":true,"href":"https:\/\/regalaunninot.com\/es\/wp-json\/wp\/v2\/media\/10989"}],"wp:attachment":[{"href":"https:\/\/regalaunninot.com\/es\/wp-json\/wp\/v2\/media?parent=10993"}],"wp:term":[{"taxonomy":"category","embeddable":true,"href":"https:\/\/regalaunninot.com\/es\/wp-json\/wp\/v2\/categories?post=10993"},{"taxonomy":"post_tag","embeddable":true,"href":"https:\/\/regalaunninot.com\/es\/wp-json\/wp\/v2\/tags?post=10993"}],"curies":[{"name":"wp","href":"https:\/\/api.w.org\/{rel}","templated":true}]}}