{"id":5581,"date":"2021-03-09T22:26:38","date_gmt":"2021-03-09T21:26:38","guid":{"rendered":"https:\/\/regalaunninot.com\/?p=5581"},"modified":"2021-03-09T22:26:40","modified_gmt":"2021-03-09T21:26:40","slug":"homenaje-a-la-indumentaria-valenciana","status":"publish","type":"post","link":"https:\/\/regalaunninot.com\/es\/homenaje-a-la-indumentaria-valenciana\/","title":{"rendered":"Homenaje a la Indumentaria Valenciana"},"content":{"rendered":"\n<p>Nuestra rica <strong>indumentaria valenciana<\/strong> es uno de los pilares fundamentales de la fiesta de las <strong>Fallas de Valencia<\/strong>. La tradici\u00f3n valenciana dels &#8216;velluters&#8217; junto con la vinculaci\u00f3n a la <strong>Ruta de la Seda<\/strong> han hecho de los indumentaristas uno de los oficios m\u00e1s bonitos y prestigiosos dentro del mundo fallero.<\/p>\n\n\n\n<figure class=\"wp-block-image size-large is-resized\"><img loading=\"lazy\" decoding=\"async\" src=\"https:\/\/regalaunninot.com\/wp-content\/uploads\/2021\/03\/Homenaje-Indumentaria-Valenciana-1024x1024.jpeg\" alt=\"\" class=\"wp-image-5586\" width=\"550\" height=\"550\"\/><\/figure>\n\n\n\n<p>Este sector al igual que el de los <a href=\"https:\/\/www.facebook.com\/mardesomnisindumentaria\/\">artistas falleros<\/a> ha sido gravemente afectado por la pandemia de Covid-19. Pero los indumentaristas valencianos no se han rendido. Todo lo contrario!<\/p>\n\n\n\n<p>Desde <strong><a href=\"https:\/\/www.facebook.com\/mardesomnisindumentaria\/\">ASCIVA, Asociaci\u00f3n de Comercios de Indumentaria Valenciana<\/a><\/strong>, con su presidenta <strong>Irene Sancho<\/strong> a la cabeza, han reivindicado la importancia de la indumentaria valenciana en el tejido econ\u00f3mico, social y tradicional de las Fallas. Su lucha y sus campa\u00f1as para promover los comercios de indumentaria merece la m\u00e1s grande admiraci\u00f3n por toda la sociedad valenciana.<\/p>\n\n\n\n<figure class=\"wp-block-image size-large is-resized\"><img loading=\"lazy\" decoding=\"async\" src=\"https:\/\/regalaunninot.com\/wp-content\/uploads\/2021\/03\/Homenaje-Irene-Sancho-ASCIVA-768x1024.jpeg\" alt=\"\" class=\"wp-image-5589\" width=\"519\" height=\"692\"\/><\/figure>\n\n\n\n<p>Desde RegalaunNinot.com nos sumamos al grito de este sector bajo la etiqueta <strong><a href=\"https:\/\/www.facebook.com\/mardesomnisindumentaria\/\">#SalvemLaIndumentaria<\/a><\/strong> y hemos querido homenajear a la presidenta de los indumentaristas valencianos con un <a href=\"https:\/\/regalaunninot.com\/artista\/miriam-garcia\/\">Quadret 3D<\/a> de la artista fallera <a href=\"https:\/\/regalaunninot.com\/artista\/miriam-garcia\/\">Miriam Garcia<\/a> en el cual Irene es reflejada con los utensilios de costura habituales de las tiendas y modistas en un <a href=\"https:\/\/regalaunninot.com\/\"><strong>ninot<\/strong> <\/a>que refleja la alegr\u00eda y el carisma de nuestra protagonista.<\/p>\n\n\n\n<p>Mucho \u00e1nimo a todo el sector de la indumentaria valenciana. Pronto podremos ver de nuevo los ricos vestidos de valenciana desfilar por nuestras ciudades en pasacalles y <strong>Ofrenda<\/strong><\/p>\n\n\n\n<figure class=\"wp-block-image size-large is-resized\"><img loading=\"lazy\" decoding=\"async\" src=\"https:\/\/regalaunninot.com\/wp-content\/uploads\/2021\/03\/Indumentaria-Valenciana-ASCIVA-1024x1024.jpeg\" alt=\"\" class=\"wp-image-5583\" width=\"492\" height=\"492\"\/><\/figure>\n\n\n\n<p><\/p>\n\n\n\n<p>Por cierto, conoces <a href=\"https:\/\/www.facebook.com\/mardesomnisindumentaria\/\">Mar de Somnis<\/a>, la tienda de indumentaria valenciana de <strong>Alicia Moreno, Fallera Mayor de Valencia 2016<\/strong>? Vis\u00edtala y descubre todo lo que puede ofrecerte adem\u00e1s de <a href=\"https:\/\/www.facebook.com\/mardesomnisindumentaria\/\">encargar tu ninot<\/a>!<\/p>\n","protected":false},"excerpt":{"rendered":"<p>Homenaje a la Indumentaria Valenciana<\/p>\n","protected":false},"author":1,"featured_media":5583,"comment_status":"closed","ping_status":"closed","sticky":false,"template":"","format":"standard","meta":{"footnotes":""},"categories":[1],"tags":[1323,1328,1324,1015,1325,1331,1332,243,1327,425,1330,1329,1235,1326],"class_list":["post-5581","post","type-post","status-publish","format-standard","has-post-thumbnail","hentry","category-noticies-de-regala-un-ninot","tag-asciva","tag-asociacion","tag-asociacion-comerciantes-indumentaria-valenciana","tag-indumentaria","tag-indumentaristas-valencianos","tag-moda","tag-modistas","tag-ninot","tag-ninot-fallera","tag-regala-un-ninot","tag-regalos-especiales","tag-regalos-personalizados","tag-tu-ninot-personalizado","tag-vestido-de-fallera"],"acf":[],"yoast_head":"<!-- This site is optimized with the Yoast SEO Premium plugin v19.3 (Yoast SEO v26.5) - https:\/\/yoast.com\/wordpress\/plugins\/seo\/ -->\n<title>Homenaje a la Indumentaria Valenciana | \ud83c\udf81 Regala Un Ninot \u200d\ud83c\udfa8<\/title>\n<meta name=\"robots\" content=\"index, follow, max-snippet:-1, max-image-preview:large, max-video-preview:-1\" \/>\n<link rel=\"canonical\" href=\"https:\/\/regalaunninot.com\/es\/homenaje-a-la-indumentaria-valenciana\/\" \/>\n<meta property=\"og:locale\" content=\"es_ES\" \/>\n<meta property=\"og:type\" content=\"article\" \/>\n<meta property=\"og:title\" content=\"Homenaje a la Indumentaria Valenciana\" \/>\n<meta property=\"og:description\" content=\"Homenaje a la Indumentaria Valenciana\" \/>\n<meta property=\"og:url\" content=\"https:\/\/regalaunninot.com\/es\/homenaje-a-la-indumentaria-valenciana\/\" \/>\n<meta property=\"og:site_name\" content=\"\ud83c\udf81 Regala Un Ninot \u200d\ud83c\udfa8\" \/>\n<meta property=\"article:published_time\" content=\"2021-03-09T21:26:38+00:00\" \/>\n<meta property=\"article:modified_time\" content=\"2021-03-09T21:26:40+00:00\" \/>\n<meta property=\"og:image\" content=\"https:\/\/regalaunninot.com\/wp-content\/uploads\/2021\/03\/Indumentaria-Valenciana-ASCIVA.jpeg\" \/>\n\t<meta property=\"og:image:width\" content=\"1599\" \/>\n\t<meta property=\"og:image:height\" content=\"1599\" \/>\n\t<meta property=\"og:image:type\" content=\"image\/jpeg\" \/>\n<meta name=\"author\" content=\"regalaunninot\" \/>\n<meta name=\"twitter:card\" content=\"summary_large_image\" \/>\n<meta name=\"twitter:label1\" content=\"Escrito por\" \/>\n\t<meta name=\"twitter:data1\" content=\"regalaunninot\" \/>\n\t<meta name=\"twitter:label2\" content=\"Tiempo de lectura\" \/>\n\t<meta name=\"twitter:data2\" content=\"2 minutos\" \/>\n<script type=\"application\/ld+json\" class=\"yoast-schema-graph\">{\"@context\":\"https:\/\/schema.org\",\"@graph\":[{\"@type\":\"Article\",\"@id\":\"https:\/\/regalaunninot.com\/es\/homenaje-a-la-indumentaria-valenciana\/#article\",\"isPartOf\":{\"@id\":\"https:\/\/regalaunninot.com\/es\/homenaje-a-la-indumentaria-valenciana\/\"},\"author\":{\"name\":\"regalaunninot\",\"@id\":\"https:\/\/regalaunninot.com\/es\/#\/schema\/person\/8507d97f380cd3c3f3d45750d63884aa\"},\"headline\":\"Homenaje a la Indumentaria Valenciana\",\"datePublished\":\"2021-03-09T21:26:38+00:00\",\"dateModified\":\"2021-03-09T21:26:40+00:00\",\"mainEntityOfPage\":{\"@id\":\"https:\/\/regalaunninot.com\/es\/homenaje-a-la-indumentaria-valenciana\/\"},\"wordCount\":275,\"publisher\":{\"@id\":\"https:\/\/regalaunninot.com\/es\/#organization\"},\"image\":{\"@id\":\"https:\/\/regalaunninot.com\/es\/homenaje-a-la-indumentaria-valenciana\/#primaryimage\"},\"thumbnailUrl\":\"https:\/\/regalaunninot.com\/wp-content\/uploads\/2021\/03\/Indumentaria-Valenciana-ASCIVA.jpeg\",\"keywords\":[\"asciva\",\"asociacion\",\"asociacion comerciantes indumentaria valenciana\",\"indumentaria\",\"indumentaristas valencianos\",\"moda\",\"modistas\",\"ninot\",\"ninot fallera\",\"regala un ninot\",\"regalos especiales\",\"regalos personalizados\",\"tu ninot personalizado\",\"vestido de fallera\"],\"articleSection\":[\"Not\u00edcies de regala un ninot\"],\"inLanguage\":\"es\"},{\"@type\":\"WebPage\",\"@id\":\"https:\/\/regalaunninot.com\/es\/homenaje-a-la-indumentaria-valenciana\/\",\"url\":\"https:\/\/regalaunninot.com\/es\/homenaje-a-la-indumentaria-valenciana\/\",\"name\":\"Homenaje a la Indumentaria Valenciana | \ud83c\udf81 Regala Un Ninot \u200d\ud83c\udfa8\",\"isPartOf\":{\"@id\":\"https:\/\/regalaunninot.com\/es\/#website\"},\"primaryImageOfPage\":{\"@id\":\"https:\/\/regalaunninot.com\/es\/homenaje-a-la-indumentaria-valenciana\/#primaryimage\"},\"image\":{\"@id\":\"https:\/\/regalaunninot.com\/es\/homenaje-a-la-indumentaria-valenciana\/#primaryimage\"},\"thumbnailUrl\":\"https:\/\/regalaunninot.com\/wp-content\/uploads\/2021\/03\/Indumentaria-Valenciana-ASCIVA.jpeg\",\"datePublished\":\"2021-03-09T21:26:38+00:00\",\"dateModified\":\"2021-03-09T21:26:40+00:00\",\"breadcrumb\":{\"@id\":\"https:\/\/regalaunninot.com\/es\/homenaje-a-la-indumentaria-valenciana\/#breadcrumb\"},\"inLanguage\":\"es\",\"potentialAction\":[{\"@type\":\"ReadAction\",\"target\":[\"https:\/\/regalaunninot.com\/es\/homenaje-a-la-indumentaria-valenciana\/\"]}]},{\"@type\":\"ImageObject\",\"inLanguage\":\"es\",\"@id\":\"https:\/\/regalaunninot.com\/es\/homenaje-a-la-indumentaria-valenciana\/#primaryimage\",\"url\":\"https:\/\/regalaunninot.com\/wp-content\/uploads\/2021\/03\/Indumentaria-Valenciana-ASCIVA.jpeg\",\"contentUrl\":\"https:\/\/regalaunninot.com\/wp-content\/uploads\/2021\/03\/Indumentaria-Valenciana-ASCIVA.jpeg\",\"width\":1599,\"height\":1599},{\"@type\":\"BreadcrumbList\",\"@id\":\"https:\/\/regalaunninot.com\/es\/homenaje-a-la-indumentaria-valenciana\/#breadcrumb\",\"itemListElement\":[{\"@type\":\"ListItem\",\"position\":1,\"name\":\"Inici\",\"item\":\"https:\/\/regalaunninot.com\/es\/\"},{\"@type\":\"ListItem\",\"position\":2,\"name\":\"Homenaje a la Indumentaria Valenciana\"}]},{\"@type\":\"WebSite\",\"@id\":\"https:\/\/regalaunninot.com\/es\/#website\",\"url\":\"https:\/\/regalaunninot.com\/es\/\",\"name\":\"\ud83c\udf81 Regala Un Ninot \u200d\ud83c\udfa8\",\"description\":\"Regala la creatividad de nuestros artistas falleros y foguereros\",\"publisher\":{\"@id\":\"https:\/\/regalaunninot.com\/es\/#organization\"},\"potentialAction\":[{\"@type\":\"SearchAction\",\"target\":{\"@type\":\"EntryPoint\",\"urlTemplate\":\"https:\/\/regalaunninot.com\/es\/?s={search_term_string}\"},\"query-input\":{\"@type\":\"PropertyValueSpecification\",\"valueRequired\":true,\"valueName\":\"search_term_string\"}}],\"inLanguage\":\"es\"},{\"@type\":\"Organization\",\"@id\":\"https:\/\/regalaunninot.com\/es\/#organization\",\"name\":\"Regala Un Ninot\",\"url\":\"https:\/\/regalaunninot.com\/es\/\",\"logo\":{\"@type\":\"ImageObject\",\"inLanguage\":\"es\",\"@id\":\"https:\/\/regalaunninot.com\/es\/#\/schema\/logo\/image\/\",\"url\":\"https:\/\/regalaunninot.com\/wp-content\/uploads\/2020\/12\/logo-regala-un-ninot-h.png\",\"contentUrl\":\"https:\/\/regalaunninot.com\/wp-content\/uploads\/2020\/12\/logo-regala-un-ninot-h.png\",\"width\":1787,\"height\":705,\"caption\":\"Regala Un Ninot\"},\"image\":{\"@id\":\"https:\/\/regalaunninot.com\/es\/#\/schema\/logo\/image\/\"}},{\"@type\":\"Person\",\"@id\":\"https:\/\/regalaunninot.com\/es\/#\/schema\/person\/8507d97f380cd3c3f3d45750d63884aa\",\"name\":\"regalaunninot\",\"image\":{\"@type\":\"ImageObject\",\"inLanguage\":\"es\",\"@id\":\"https:\/\/regalaunninot.com\/es\/#\/schema\/person\/image\/\",\"url\":\"https:\/\/secure.gravatar.com\/avatar\/ff13355018b178563323eb8d24b94e900ee8f3e8049d94325d6c5fbc19e49f10?s=96&d=mm&r=g\",\"contentUrl\":\"https:\/\/secure.gravatar.com\/avatar\/ff13355018b178563323eb8d24b94e900ee8f3e8049d94325d6c5fbc19e49f10?s=96&d=mm&r=g\",\"caption\":\"regalaunninot\"},\"sameAs\":[\"https:\/\/regalaunninot.com\"]}]}<\/script>\n<!-- \/ Yoast SEO Premium plugin. -->","yoast_head_json":{"title":"Homenaje a la Indumentaria Valenciana | \ud83c\udf81 Regala Un Ninot \u200d\ud83c\udfa8","robots":{"index":"index","follow":"follow","max-snippet":"max-snippet:-1","max-image-preview":"max-image-preview:large","max-video-preview":"max-video-preview:-1"},"canonical":"https:\/\/regalaunninot.com\/es\/homenaje-a-la-indumentaria-valenciana\/","og_locale":"es_ES","og_type":"article","og_title":"Homenaje a la Indumentaria Valenciana","og_description":"Homenaje a la Indumentaria Valenciana","og_url":"https:\/\/regalaunninot.com\/es\/homenaje-a-la-indumentaria-valenciana\/","og_site_name":"\ud83c\udf81 Regala Un Ninot \u200d\ud83c\udfa8","article_published_time":"2021-03-09T21:26:38+00:00","article_modified_time":"2021-03-09T21:26:40+00:00","og_image":[{"width":1599,"height":1599,"url":"https:\/\/regalaunninot.com\/wp-content\/uploads\/2021\/03\/Indumentaria-Valenciana-ASCIVA.jpeg","type":"image\/jpeg"}],"author":"regalaunninot","twitter_card":"summary_large_image","twitter_misc":{"Escrito por":"regalaunninot","Tiempo de lectura":"2 minutos"},"schema":{"@context":"https:\/\/schema.org","@graph":[{"@type":"Article","@id":"https:\/\/regalaunninot.com\/es\/homenaje-a-la-indumentaria-valenciana\/#article","isPartOf":{"@id":"https:\/\/regalaunninot.com\/es\/homenaje-a-la-indumentaria-valenciana\/"},"author":{"name":"regalaunninot","@id":"https:\/\/regalaunninot.com\/es\/#\/schema\/person\/8507d97f380cd3c3f3d45750d63884aa"},"headline":"Homenaje a la Indumentaria Valenciana","datePublished":"2021-03-09T21:26:38+00:00","dateModified":"2021-03-09T21:26:40+00:00","mainEntityOfPage":{"@id":"https:\/\/regalaunninot.com\/es\/homenaje-a-la-indumentaria-valenciana\/"},"wordCount":275,"publisher":{"@id":"https:\/\/regalaunninot.com\/es\/#organization"},"image":{"@id":"https:\/\/regalaunninot.com\/es\/homenaje-a-la-indumentaria-valenciana\/#primaryimage"},"thumbnailUrl":"https:\/\/regalaunninot.com\/wp-content\/uploads\/2021\/03\/Indumentaria-Valenciana-ASCIVA.jpeg","keywords":["asciva","asociacion","asociacion comerciantes indumentaria valenciana","indumentaria","indumentaristas valencianos","moda","modistas","ninot","ninot fallera","regala un ninot","regalos especiales","regalos personalizados","tu ninot personalizado","vestido de fallera"],"articleSection":["Not\u00edcies de regala un ninot"],"inLanguage":"es"},{"@type":"WebPage","@id":"https:\/\/regalaunninot.com\/es\/homenaje-a-la-indumentaria-valenciana\/","url":"https:\/\/regalaunninot.com\/es\/homenaje-a-la-indumentaria-valenciana\/","name":"Homenaje a la Indumentaria Valenciana | \ud83c\udf81 Regala Un Ninot \u200d\ud83c\udfa8","isPartOf":{"@id":"https:\/\/regalaunninot.com\/es\/#website"},"primaryImageOfPage":{"@id":"https:\/\/regalaunninot.com\/es\/homenaje-a-la-indumentaria-valenciana\/#primaryimage"},"image":{"@id":"https:\/\/regalaunninot.com\/es\/homenaje-a-la-indumentaria-valenciana\/#primaryimage"},"thumbnailUrl":"https:\/\/regalaunninot.com\/wp-content\/uploads\/2021\/03\/Indumentaria-Valenciana-ASCIVA.jpeg","datePublished":"2021-03-09T21:26:38+00:00","dateModified":"2021-03-09T21:26:40+00:00","breadcrumb":{"@id":"https:\/\/regalaunninot.com\/es\/homenaje-a-la-indumentaria-valenciana\/#breadcrumb"},"inLanguage":"es","potentialAction":[{"@type":"ReadAction","target":["https:\/\/regalaunninot.com\/es\/homenaje-a-la-indumentaria-valenciana\/"]}]},{"@type":"ImageObject","inLanguage":"es","@id":"https:\/\/regalaunninot.com\/es\/homenaje-a-la-indumentaria-valenciana\/#primaryimage","url":"https:\/\/regalaunninot.com\/wp-content\/uploads\/2021\/03\/Indumentaria-Valenciana-ASCIVA.jpeg","contentUrl":"https:\/\/regalaunninot.com\/wp-content\/uploads\/2021\/03\/Indumentaria-Valenciana-ASCIVA.jpeg","width":1599,"height":1599},{"@type":"BreadcrumbList","@id":"https:\/\/regalaunninot.com\/es\/homenaje-a-la-indumentaria-valenciana\/#breadcrumb","itemListElement":[{"@type":"ListItem","position":1,"name":"Inici","item":"https:\/\/regalaunninot.com\/es\/"},{"@type":"ListItem","position":2,"name":"Homenaje a la Indumentaria Valenciana"}]},{"@type":"WebSite","@id":"https:\/\/regalaunninot.com\/es\/#website","url":"https:\/\/regalaunninot.com\/es\/","name":"\ud83c\udf81 Regala Un Ninot \u200d\ud83c\udfa8","description":"Regala la creatividad de nuestros artistas falleros y foguereros","publisher":{"@id":"https:\/\/regalaunninot.com\/es\/#organization"},"potentialAction":[{"@type":"SearchAction","target":{"@type":"EntryPoint","urlTemplate":"https:\/\/regalaunninot.com\/es\/?s={search_term_string}"},"query-input":{"@type":"PropertyValueSpecification","valueRequired":true,"valueName":"search_term_string"}}],"inLanguage":"es"},{"@type":"Organization","@id":"https:\/\/regalaunninot.com\/es\/#organization","name":"Regala Un Ninot","url":"https:\/\/regalaunninot.com\/es\/","logo":{"@type":"ImageObject","inLanguage":"es","@id":"https:\/\/regalaunninot.com\/es\/#\/schema\/logo\/image\/","url":"https:\/\/regalaunninot.com\/wp-content\/uploads\/2020\/12\/logo-regala-un-ninot-h.png","contentUrl":"https:\/\/regalaunninot.com\/wp-content\/uploads\/2020\/12\/logo-regala-un-ninot-h.png","width":1787,"height":705,"caption":"Regala Un Ninot"},"image":{"@id":"https:\/\/regalaunninot.com\/es\/#\/schema\/logo\/image\/"}},{"@type":"Person","@id":"https:\/\/regalaunninot.com\/es\/#\/schema\/person\/8507d97f380cd3c3f3d45750d63884aa","name":"regalaunninot","image":{"@type":"ImageObject","inLanguage":"es","@id":"https:\/\/regalaunninot.com\/es\/#\/schema\/person\/image\/","url":"https:\/\/secure.gravatar.com\/avatar\/ff13355018b178563323eb8d24b94e900ee8f3e8049d94325d6c5fbc19e49f10?s=96&d=mm&r=g","contentUrl":"https:\/\/secure.gravatar.com\/avatar\/ff13355018b178563323eb8d24b94e900ee8f3e8049d94325d6c5fbc19e49f10?s=96&d=mm&r=g","caption":"regalaunninot"},"sameAs":["https:\/\/regalaunninot.com"]}]}},"_links":{"self":[{"href":"https:\/\/regalaunninot.com\/es\/wp-json\/wp\/v2\/posts\/5581","targetHints":{"allow":["GET"]}}],"collection":[{"href":"https:\/\/regalaunninot.com\/es\/wp-json\/wp\/v2\/posts"}],"about":[{"href":"https:\/\/regalaunninot.com\/es\/wp-json\/wp\/v2\/types\/post"}],"author":[{"embeddable":true,"href":"https:\/\/regalaunninot.com\/es\/wp-json\/wp\/v2\/users\/1"}],"replies":[{"embeddable":true,"href":"https:\/\/regalaunninot.com\/es\/wp-json\/wp\/v2\/comments?post=5581"}],"version-history":[{"count":0,"href":"https:\/\/regalaunninot.com\/es\/wp-json\/wp\/v2\/posts\/5581\/revisions"}],"wp:featuredmedia":[{"embeddable":true,"href":"https:\/\/regalaunninot.com\/es\/wp-json\/wp\/v2\/media\/5583"}],"wp:attachment":[{"href":"https:\/\/regalaunninot.com\/es\/wp-json\/wp\/v2\/media?parent=5581"}],"wp:term":[{"taxonomy":"category","embeddable":true,"href":"https:\/\/regalaunninot.com\/es\/wp-json\/wp\/v2\/categories?post=5581"},{"taxonomy":"post_tag","embeddable":true,"href":"https:\/\/regalaunninot.com\/es\/wp-json\/wp\/v2\/tags?post=5581"}],"curies":[{"name":"wp","href":"https:\/\/api.w.org\/{rel}","templated":true}]}}