{"id":6832,"date":"2021-11-23T22:49:42","date_gmt":"2021-11-23T21:49:42","guid":{"rendered":"https:\/\/regalaunninot.com\/?p=6832"},"modified":"2021-11-23T23:16:10","modified_gmt":"2021-11-23T22:16:10","slug":"el-regalo-de-cumpleanos-de-carles-ruiz-el-reconocido-estilista-de-falleras","status":"publish","type":"post","link":"https:\/\/regalaunninot.com\/es\/el-regalo-de-cumpleanos-de-carles-ruiz-el-reconocido-estilista-de-falleras\/","title":{"rendered":"El regalo de cumplea\u00f1os de Carles Ruiz, el reconocido estilista de falleras"},"content":{"rendered":"\n<p>Celebrar el cumplea\u00f1os con tus familiares y amistades es uno de los momentos m\u00e1s bonitos y emotivos del a\u00f1o para cualquier persona. Si adem\u00e1s eres un amante de la fiesta fallera, que el evento de tu cumple cuente entre los asistentes con personalidades destacadas como <strong>Falleras Mayores de Valencia <\/strong>y <strong>Falleras Mayores Infantiles de Valencia<\/strong> supone un momento inolvidable. <\/p>\n\n\n\n<div class=\"wp-block-image\"><figure class=\"aligncenter size-full\"><img loading=\"lazy\" decoding=\"async\" width=\"1600\" height=\"1198\" src=\"https:\/\/regalaunninot.com\/wp-content\/uploads\/2021\/11\/FFMM-VALENCIA-REGALA-UN-NINOT-CARLES-RUIZ-4.jpg\" alt=\"\" class=\"wp-image-6853\"\/><figcaption>Fotografia cortesia de <a href=\"https:\/\/www.instagram.com\/pepecastells\/\">Pepe Castells Fot\u00f3grafo<\/a><\/figcaption><\/figure><\/div>\n\n\n\n<p><br>El <a href=\"https:\/\/officialpress.es\/galeria-asi-fue-la-fiesta-sorpresa-a-carles-ruiz-el-peluquero-de-las-falleras-mayores-de-valencia\/?fbclid=IwAR2z2IPaRjwJbrI5uB0UIFA10k5w0L4tv8QkYQlPPHD6LHI1CG7EGPCPRvE\">cumplea\u00f1os<\/a> del prestigioso peluquero y estilista <strong>Carles Ruiz<\/strong>, conocido como el peluquero de las falleras mayores, cont\u00f3 con un <strong><a href=\"https:\/\/regalaunninot.com\/es\/\" rel=\"sponsored nofollow\">regalo muy especial<\/a><\/strong> en forma de <strong>ninot personalizado<\/strong> el cual colaboraron familia, amigos y un largo listado de Fallera Mayores de Valencia<\/p>\n\n\n\n<p class=\"has-text-align-center\">\u00c1ngeles Vidal Lorente (FMV 1978)<br>Laura Cars\u00ed Vaello (FMIV 1980)<br>M. Amparo Mar\u00edn Morales (FMV 1981)<br>Bego\u00f1a de la Concepci\u00f3n Mart\u00ednez (FMV 1983)<br>M. Jos\u00e9 Ariza Tro (FMV 1984)<br>M. Jos\u00e9 Herrero Mart\u00ed (FMV 1986)<br>M. Carmen Moll\u00e1 Bau (FMV 1987)<br>M. Jos\u00e9 Oliver Momp\u00f3 (FMV 1990)<br>Laura Segura Herv\u00e1s (FMV 1994)<br>Raquel Giner Ortiz (FMV 1995)<br>Susana Remoh\u00ed Andr\u00e9s (FMV&nbsp; 1998)<br>Vanessa Lerma Navarro (FMV 2003)<br>Laura Mar\u00eda Ortega Cano (FMIV 2004)<br>Cristina S\u00e1nchez Beltr\u00e1n (FMIV 2005)<br>Inmaculada Escudero Asensi (FMIV 2007)<br>Victoria Bl\u00e1zquez Cerc\u00f3s (FMIV 2008)<br>Sandra Mu\u00f1oz P\u00e9rez (FMV 2012)<br>Estefan\u00eda L\u00f3pez Montesinos (FMV 2015)<br>Alicia Moreno Morales (FMV 2016)<br>Raquel Alario Bernab\u00e9 (FMV 2017)<br>Roc\u00edo Gil Uncio (FMV 2018)<br>Marina Civera Moreno (FMV 2019)<\/p>\n\n\n\n<div class=\"wp-block-image\"><figure class=\"aligncenter size-full\"><img loading=\"lazy\" decoding=\"async\" width=\"1600\" height=\"1198\" src=\"https:\/\/regalaunninot.com\/wp-content\/uploads\/2021\/11\/FFMM-VALENCIA-REGALA-UN-NINOT-CARLES-RUIZ-2-1.jpg\" alt=\"\" class=\"wp-image-6857\"\/><figcaption> Fotografia cortesia de <a href=\"https:\/\/www.instagram.com\/pepecastells\/\">Pepe Castells Fot\u00f3grafo<\/a> <\/figcaption><\/figure><\/div>\n\n\n\n<h2 class=\"wp-block-heading\" id=\"h-el-ninot-de-carles-ruiz\">El ninot de Carles Ruiz<\/h2>\n\n\n\n<p>La <a href=\"https:\/\/regalaunninot.com\/es\/productos\/mini-ninots-personalizados\/\">figura personalizada<\/a> de Carles Ruiz creada de manera brillante por el artista fallero <a href=\"https:\/\/regalaunninot.com\/es\/artista\/sergio-sanchez\/\">Sergio S\u00e1nchez<\/a> refleja ese momento especial de uni\u00f3n entre fallera y peluquero en el cual Carles cuida con mimo y cari\u00f1o a las m\u00e1ximas representantes de las <strong>Fallas de Valencia<\/strong>.<\/p>\n\n\n\n<div class=\"wp-block-image\"><figure class=\"aligncenter size-full\"><img loading=\"lazy\" decoding=\"async\" width=\"1280\" height=\"1280\" src=\"https:\/\/regalaunninot.com\/wp-content\/uploads\/2021\/11\/carles-ruiz-ffmm-regala-un-ninot-1.jpg\" alt=\"\" class=\"wp-image-6847\"\/><\/figure><\/div>\n\n\n\n<p>La cara de ilusi\u00f3n y felicidad del peluquero valenciano es la mayor satisfacci\u00f3n para <strong>Regala un Ninot.<\/strong> Qui\u00e9n regala un ninot personalizado, tiene un \u00e9xito garantizado y genera en la persona destinataria del regalo emoci\u00f3n y sentimiento hecho de manera artesana por los <a href=\"https:\/\/regalaunninot.com\/es\/artistas-falleros\/\"><strong>artistas falleros<\/strong><\/a>, el oficio Patrimonio Inmaterial de la Humanidad que hace posible las maravillas de ninots que ahora puedes encargar para un <strong>regalo de cumplea\u00f1os<\/strong> o para Pap\u00e1 Noel o los Reyes Magos. \u00a1A\u00fan est\u00e1s a tiempo! Encarga un ninot personalizado para esa persona especial en <strong>RegalaunNinot.com<\/strong><\/p>\n\n\n\n<figure class=\"wp-block-embed is-type-wp-embed is-provider-\ud83c\udf81-regala-un-ninot-\ud83c\udfa8 wp-block-embed-\ud83c\udf81-regala-un-ninot-\ud83c\udfa8\"><div class=\"wp-block-embed__wrapper\">\n<blockquote class=\"wp-embedded-content\" data-secret=\"kVTK4VGeJ4\"><a href=\"https:\/\/regalaunninot.com\/es\/hacer-un-encargo\/\">Hacer un encargo<\/a><\/blockquote><iframe loading=\"lazy\" class=\"wp-embedded-content\" sandbox=\"allow-scripts\" security=\"restricted\" style=\"position: absolute; visibility: hidden;\" title=\"\u00abHacer un encargo\u00bb \u2014 \ud83c\udf81 Regala Un Ninot \u200d\ud83c\udfa8\" src=\"https:\/\/regalaunninot.com\/es\/hacer-un-encargo\/embed\/#?secret=3VCniYAZ7C#?secret=kVTK4VGeJ4\" data-secret=\"kVTK4VGeJ4\" width=\"600\" height=\"338\" frameborder=\"0\" marginwidth=\"0\" marginheight=\"0\" scrolling=\"no\"><\/iframe>\n<\/div><\/figure>\n","protected":false},"excerpt":{"rendered":"<p>Celebrar el cumplea\u00f1os con tus familiares y amistades es uno de los momentos m\u00e1s bonitos y emotivos del a\u00f1o para cualquier persona. Si adem\u00e1s eres un amante de la fiesta fallera, que el evento de tu cumple cuente entre los asistentes con personalidades destacadas como Falleras Mayores de Valencia y Falleras Mayores Infantiles de Valencia [&hellip;]<\/p>\n","protected":false},"author":1,"featured_media":6853,"comment_status":"closed","ping_status":"closed","sticky":false,"template":"","format":"standard","meta":{"footnotes":""},"categories":[313],"tags":[1425,1254],"class_list":["post-6832","post","type-post","status-publish","format-standard","has-post-thumbnail","hentry","category-noticias-de-regala-un-ninot","tag-ninot-personalizado","tag-tu-ninot-personalizado-es"],"acf":[],"yoast_head":"<!-- This site is optimized with the Yoast SEO Premium plugin v19.3 (Yoast SEO v26.5) - https:\/\/yoast.com\/wordpress\/plugins\/seo\/ -->\n<title>El regalo de cumplea\u00f1os de Carles Ruiz, el reconocido estilista de falleras | \ud83c\udf81 Regala Un Ninot \u200d\ud83c\udfa8<\/title>\n<meta name=\"robots\" content=\"index, follow, max-snippet:-1, max-image-preview:large, max-video-preview:-1\" \/>\n<link rel=\"canonical\" href=\"https:\/\/regalaunninot.com\/es\/el-regalo-de-cumpleanos-de-carles-ruiz-el-reconocido-estilista-de-falleras\/\" \/>\n<meta property=\"og:locale\" content=\"es_ES\" \/>\n<meta property=\"og:type\" content=\"article\" \/>\n<meta property=\"og:title\" content=\"El regalo de cumplea\u00f1os de Carles Ruiz, el reconocido estilista de falleras\" \/>\n<meta property=\"og:description\" content=\"Celebrar el cumplea\u00f1os con tus familiares y amistades es uno de los momentos m\u00e1s bonitos y emotivos del a\u00f1o para cualquier persona. Si adem\u00e1s eres un amante de la fiesta fallera, que el evento de tu cumple cuente entre los asistentes con personalidades destacadas como Falleras Mayores de Valencia y Falleras Mayores Infantiles de Valencia [&hellip;]\" \/>\n<meta property=\"og:url\" content=\"https:\/\/regalaunninot.com\/es\/el-regalo-de-cumpleanos-de-carles-ruiz-el-reconocido-estilista-de-falleras\/\" \/>\n<meta property=\"og:site_name\" content=\"\ud83c\udf81 Regala Un Ninot \u200d\ud83c\udfa8\" \/>\n<meta property=\"article:published_time\" content=\"2021-11-23T21:49:42+00:00\" \/>\n<meta property=\"article:modified_time\" content=\"2021-11-23T22:16:10+00:00\" \/>\n<meta property=\"og:image\" content=\"https:\/\/regalaunninot.com\/wp-content\/uploads\/2021\/11\/FFMM-VALENCIA-REGALA-UN-NINOT-CARLES-RUIZ-4.jpg\" \/>\n\t<meta property=\"og:image:width\" content=\"1600\" \/>\n\t<meta property=\"og:image:height\" content=\"1198\" \/>\n\t<meta property=\"og:image:type\" content=\"image\/jpeg\" \/>\n<meta name=\"author\" content=\"regalaunninot\" \/>\n<meta name=\"twitter:card\" content=\"summary_large_image\" \/>\n<meta name=\"twitter:label1\" content=\"Escrito por\" \/>\n\t<meta name=\"twitter:data1\" content=\"regalaunninot\" \/>\n\t<meta name=\"twitter:label2\" content=\"Tiempo de lectura\" \/>\n\t<meta name=\"twitter:data2\" content=\"3 minutos\" \/>\n<script type=\"application\/ld+json\" class=\"yoast-schema-graph\">{\"@context\":\"https:\/\/schema.org\",\"@graph\":[{\"@type\":\"Article\",\"@id\":\"https:\/\/regalaunninot.com\/es\/el-regalo-de-cumpleanos-de-carles-ruiz-el-reconocido-estilista-de-falleras\/#article\",\"isPartOf\":{\"@id\":\"https:\/\/regalaunninot.com\/es\/el-regalo-de-cumpleanos-de-carles-ruiz-el-reconocido-estilista-de-falleras\/\"},\"author\":{\"name\":\"regalaunninot\",\"@id\":\"https:\/\/regalaunninot.com\/es\/#\/schema\/person\/8507d97f380cd3c3f3d45750d63884aa\"},\"headline\":\"El regalo de cumplea\u00f1os de Carles Ruiz, el reconocido estilista de falleras\",\"datePublished\":\"2021-11-23T21:49:42+00:00\",\"dateModified\":\"2021-11-23T22:16:10+00:00\",\"mainEntityOfPage\":{\"@id\":\"https:\/\/regalaunninot.com\/es\/el-regalo-de-cumpleanos-de-carles-ruiz-el-reconocido-estilista-de-falleras\/\"},\"wordCount\":402,\"publisher\":{\"@id\":\"https:\/\/regalaunninot.com\/es\/#organization\"},\"image\":{\"@id\":\"https:\/\/regalaunninot.com\/es\/el-regalo-de-cumpleanos-de-carles-ruiz-el-reconocido-estilista-de-falleras\/#primaryimage\"},\"thumbnailUrl\":\"https:\/\/regalaunninot.com\/wp-content\/uploads\/2021\/11\/FFMM-VALENCIA-REGALA-UN-NINOT-CARLES-RUIZ-4.jpg\",\"keywords\":[\"ninot personalizado\",\"tu ninot personalizado\"],\"articleSection\":[\"Noticias de regala un ninot\"],\"inLanguage\":\"es\"},{\"@type\":\"WebPage\",\"@id\":\"https:\/\/regalaunninot.com\/es\/el-regalo-de-cumpleanos-de-carles-ruiz-el-reconocido-estilista-de-falleras\/\",\"url\":\"https:\/\/regalaunninot.com\/es\/el-regalo-de-cumpleanos-de-carles-ruiz-el-reconocido-estilista-de-falleras\/\",\"name\":\"El regalo de cumplea\u00f1os de Carles Ruiz, el reconocido estilista de falleras | \ud83c\udf81 Regala Un Ninot \u200d\ud83c\udfa8\",\"isPartOf\":{\"@id\":\"https:\/\/regalaunninot.com\/es\/#website\"},\"primaryImageOfPage\":{\"@id\":\"https:\/\/regalaunninot.com\/es\/el-regalo-de-cumpleanos-de-carles-ruiz-el-reconocido-estilista-de-falleras\/#primaryimage\"},\"image\":{\"@id\":\"https:\/\/regalaunninot.com\/es\/el-regalo-de-cumpleanos-de-carles-ruiz-el-reconocido-estilista-de-falleras\/#primaryimage\"},\"thumbnailUrl\":\"https:\/\/regalaunninot.com\/wp-content\/uploads\/2021\/11\/FFMM-VALENCIA-REGALA-UN-NINOT-CARLES-RUIZ-4.jpg\",\"datePublished\":\"2021-11-23T21:49:42+00:00\",\"dateModified\":\"2021-11-23T22:16:10+00:00\",\"breadcrumb\":{\"@id\":\"https:\/\/regalaunninot.com\/es\/el-regalo-de-cumpleanos-de-carles-ruiz-el-reconocido-estilista-de-falleras\/#breadcrumb\"},\"inLanguage\":\"es\",\"potentialAction\":[{\"@type\":\"ReadAction\",\"target\":[\"https:\/\/regalaunninot.com\/es\/el-regalo-de-cumpleanos-de-carles-ruiz-el-reconocido-estilista-de-falleras\/\"]}]},{\"@type\":\"ImageObject\",\"inLanguage\":\"es\",\"@id\":\"https:\/\/regalaunninot.com\/es\/el-regalo-de-cumpleanos-de-carles-ruiz-el-reconocido-estilista-de-falleras\/#primaryimage\",\"url\":\"https:\/\/regalaunninot.com\/wp-content\/uploads\/2021\/11\/FFMM-VALENCIA-REGALA-UN-NINOT-CARLES-RUIZ-4.jpg\",\"contentUrl\":\"https:\/\/regalaunninot.com\/wp-content\/uploads\/2021\/11\/FFMM-VALENCIA-REGALA-UN-NINOT-CARLES-RUIZ-4.jpg\",\"width\":1600,\"height\":1198},{\"@type\":\"BreadcrumbList\",\"@id\":\"https:\/\/regalaunninot.com\/es\/el-regalo-de-cumpleanos-de-carles-ruiz-el-reconocido-estilista-de-falleras\/#breadcrumb\",\"itemListElement\":[{\"@type\":\"ListItem\",\"position\":1,\"name\":\"Inici\",\"item\":\"https:\/\/regalaunninot.com\/es\/\"},{\"@type\":\"ListItem\",\"position\":2,\"name\":\"El regalo de cumplea\u00f1os de Carles Ruiz, el reconocido estilista de falleras\"}]},{\"@type\":\"WebSite\",\"@id\":\"https:\/\/regalaunninot.com\/es\/#website\",\"url\":\"https:\/\/regalaunninot.com\/es\/\",\"name\":\"\ud83c\udf81 Regala Un Ninot \u200d\ud83c\udfa8\",\"description\":\"Regala la creatividad de nuestros artistas falleros y foguereros\",\"publisher\":{\"@id\":\"https:\/\/regalaunninot.com\/es\/#organization\"},\"potentialAction\":[{\"@type\":\"SearchAction\",\"target\":{\"@type\":\"EntryPoint\",\"urlTemplate\":\"https:\/\/regalaunninot.com\/es\/?s={search_term_string}\"},\"query-input\":{\"@type\":\"PropertyValueSpecification\",\"valueRequired\":true,\"valueName\":\"search_term_string\"}}],\"inLanguage\":\"es\"},{\"@type\":\"Organization\",\"@id\":\"https:\/\/regalaunninot.com\/es\/#organization\",\"name\":\"Regala Un Ninot\",\"url\":\"https:\/\/regalaunninot.com\/es\/\",\"logo\":{\"@type\":\"ImageObject\",\"inLanguage\":\"es\",\"@id\":\"https:\/\/regalaunninot.com\/es\/#\/schema\/logo\/image\/\",\"url\":\"https:\/\/regalaunninot.com\/wp-content\/uploads\/2020\/12\/logo-regala-un-ninot-h.png\",\"contentUrl\":\"https:\/\/regalaunninot.com\/wp-content\/uploads\/2020\/12\/logo-regala-un-ninot-h.png\",\"width\":1787,\"height\":705,\"caption\":\"Regala Un Ninot\"},\"image\":{\"@id\":\"https:\/\/regalaunninot.com\/es\/#\/schema\/logo\/image\/\"}},{\"@type\":\"Person\",\"@id\":\"https:\/\/regalaunninot.com\/es\/#\/schema\/person\/8507d97f380cd3c3f3d45750d63884aa\",\"name\":\"regalaunninot\",\"image\":{\"@type\":\"ImageObject\",\"inLanguage\":\"es\",\"@id\":\"https:\/\/regalaunninot.com\/es\/#\/schema\/person\/image\/\",\"url\":\"https:\/\/secure.gravatar.com\/avatar\/ff13355018b178563323eb8d24b94e900ee8f3e8049d94325d6c5fbc19e49f10?s=96&d=mm&r=g\",\"contentUrl\":\"https:\/\/secure.gravatar.com\/avatar\/ff13355018b178563323eb8d24b94e900ee8f3e8049d94325d6c5fbc19e49f10?s=96&d=mm&r=g\",\"caption\":\"regalaunninot\"},\"sameAs\":[\"https:\/\/regalaunninot.com\"]}]}<\/script>\n<!-- \/ Yoast SEO Premium plugin. -->","yoast_head_json":{"title":"El regalo de cumplea\u00f1os de Carles Ruiz, el reconocido estilista de falleras | \ud83c\udf81 Regala Un Ninot \u200d\ud83c\udfa8","robots":{"index":"index","follow":"follow","max-snippet":"max-snippet:-1","max-image-preview":"max-image-preview:large","max-video-preview":"max-video-preview:-1"},"canonical":"https:\/\/regalaunninot.com\/es\/el-regalo-de-cumpleanos-de-carles-ruiz-el-reconocido-estilista-de-falleras\/","og_locale":"es_ES","og_type":"article","og_title":"El regalo de cumplea\u00f1os de Carles Ruiz, el reconocido estilista de falleras","og_description":"Celebrar el cumplea\u00f1os con tus familiares y amistades es uno de los momentos m\u00e1s bonitos y emotivos del a\u00f1o para cualquier persona. Si adem\u00e1s eres un amante de la fiesta fallera, que el evento de tu cumple cuente entre los asistentes con personalidades destacadas como Falleras Mayores de Valencia y Falleras Mayores Infantiles de Valencia [&hellip;]","og_url":"https:\/\/regalaunninot.com\/es\/el-regalo-de-cumpleanos-de-carles-ruiz-el-reconocido-estilista-de-falleras\/","og_site_name":"\ud83c\udf81 Regala Un Ninot \u200d\ud83c\udfa8","article_published_time":"2021-11-23T21:49:42+00:00","article_modified_time":"2021-11-23T22:16:10+00:00","og_image":[{"width":1600,"height":1198,"url":"https:\/\/regalaunninot.com\/wp-content\/uploads\/2021\/11\/FFMM-VALENCIA-REGALA-UN-NINOT-CARLES-RUIZ-4.jpg","type":"image\/jpeg"}],"author":"regalaunninot","twitter_card":"summary_large_image","twitter_misc":{"Escrito por":"regalaunninot","Tiempo de lectura":"3 minutos"},"schema":{"@context":"https:\/\/schema.org","@graph":[{"@type":"Article","@id":"https:\/\/regalaunninot.com\/es\/el-regalo-de-cumpleanos-de-carles-ruiz-el-reconocido-estilista-de-falleras\/#article","isPartOf":{"@id":"https:\/\/regalaunninot.com\/es\/el-regalo-de-cumpleanos-de-carles-ruiz-el-reconocido-estilista-de-falleras\/"},"author":{"name":"regalaunninot","@id":"https:\/\/regalaunninot.com\/es\/#\/schema\/person\/8507d97f380cd3c3f3d45750d63884aa"},"headline":"El regalo de cumplea\u00f1os de Carles Ruiz, el reconocido estilista de falleras","datePublished":"2021-11-23T21:49:42+00:00","dateModified":"2021-11-23T22:16:10+00:00","mainEntityOfPage":{"@id":"https:\/\/regalaunninot.com\/es\/el-regalo-de-cumpleanos-de-carles-ruiz-el-reconocido-estilista-de-falleras\/"},"wordCount":402,"publisher":{"@id":"https:\/\/regalaunninot.com\/es\/#organization"},"image":{"@id":"https:\/\/regalaunninot.com\/es\/el-regalo-de-cumpleanos-de-carles-ruiz-el-reconocido-estilista-de-falleras\/#primaryimage"},"thumbnailUrl":"https:\/\/regalaunninot.com\/wp-content\/uploads\/2021\/11\/FFMM-VALENCIA-REGALA-UN-NINOT-CARLES-RUIZ-4.jpg","keywords":["ninot personalizado","tu ninot personalizado"],"articleSection":["Noticias de regala un ninot"],"inLanguage":"es"},{"@type":"WebPage","@id":"https:\/\/regalaunninot.com\/es\/el-regalo-de-cumpleanos-de-carles-ruiz-el-reconocido-estilista-de-falleras\/","url":"https:\/\/regalaunninot.com\/es\/el-regalo-de-cumpleanos-de-carles-ruiz-el-reconocido-estilista-de-falleras\/","name":"El regalo de cumplea\u00f1os de Carles Ruiz, el reconocido estilista de falleras | \ud83c\udf81 Regala Un Ninot \u200d\ud83c\udfa8","isPartOf":{"@id":"https:\/\/regalaunninot.com\/es\/#website"},"primaryImageOfPage":{"@id":"https:\/\/regalaunninot.com\/es\/el-regalo-de-cumpleanos-de-carles-ruiz-el-reconocido-estilista-de-falleras\/#primaryimage"},"image":{"@id":"https:\/\/regalaunninot.com\/es\/el-regalo-de-cumpleanos-de-carles-ruiz-el-reconocido-estilista-de-falleras\/#primaryimage"},"thumbnailUrl":"https:\/\/regalaunninot.com\/wp-content\/uploads\/2021\/11\/FFMM-VALENCIA-REGALA-UN-NINOT-CARLES-RUIZ-4.jpg","datePublished":"2021-11-23T21:49:42+00:00","dateModified":"2021-11-23T22:16:10+00:00","breadcrumb":{"@id":"https:\/\/regalaunninot.com\/es\/el-regalo-de-cumpleanos-de-carles-ruiz-el-reconocido-estilista-de-falleras\/#breadcrumb"},"inLanguage":"es","potentialAction":[{"@type":"ReadAction","target":["https:\/\/regalaunninot.com\/es\/el-regalo-de-cumpleanos-de-carles-ruiz-el-reconocido-estilista-de-falleras\/"]}]},{"@type":"ImageObject","inLanguage":"es","@id":"https:\/\/regalaunninot.com\/es\/el-regalo-de-cumpleanos-de-carles-ruiz-el-reconocido-estilista-de-falleras\/#primaryimage","url":"https:\/\/regalaunninot.com\/wp-content\/uploads\/2021\/11\/FFMM-VALENCIA-REGALA-UN-NINOT-CARLES-RUIZ-4.jpg","contentUrl":"https:\/\/regalaunninot.com\/wp-content\/uploads\/2021\/11\/FFMM-VALENCIA-REGALA-UN-NINOT-CARLES-RUIZ-4.jpg","width":1600,"height":1198},{"@type":"BreadcrumbList","@id":"https:\/\/regalaunninot.com\/es\/el-regalo-de-cumpleanos-de-carles-ruiz-el-reconocido-estilista-de-falleras\/#breadcrumb","itemListElement":[{"@type":"ListItem","position":1,"name":"Inici","item":"https:\/\/regalaunninot.com\/es\/"},{"@type":"ListItem","position":2,"name":"El regalo de cumplea\u00f1os de Carles Ruiz, el reconocido estilista de falleras"}]},{"@type":"WebSite","@id":"https:\/\/regalaunninot.com\/es\/#website","url":"https:\/\/regalaunninot.com\/es\/","name":"\ud83c\udf81 Regala Un Ninot \u200d\ud83c\udfa8","description":"Regala la creatividad de nuestros artistas falleros y foguereros","publisher":{"@id":"https:\/\/regalaunninot.com\/es\/#organization"},"potentialAction":[{"@type":"SearchAction","target":{"@type":"EntryPoint","urlTemplate":"https:\/\/regalaunninot.com\/es\/?s={search_term_string}"},"query-input":{"@type":"PropertyValueSpecification","valueRequired":true,"valueName":"search_term_string"}}],"inLanguage":"es"},{"@type":"Organization","@id":"https:\/\/regalaunninot.com\/es\/#organization","name":"Regala Un Ninot","url":"https:\/\/regalaunninot.com\/es\/","logo":{"@type":"ImageObject","inLanguage":"es","@id":"https:\/\/regalaunninot.com\/es\/#\/schema\/logo\/image\/","url":"https:\/\/regalaunninot.com\/wp-content\/uploads\/2020\/12\/logo-regala-un-ninot-h.png","contentUrl":"https:\/\/regalaunninot.com\/wp-content\/uploads\/2020\/12\/logo-regala-un-ninot-h.png","width":1787,"height":705,"caption":"Regala Un Ninot"},"image":{"@id":"https:\/\/regalaunninot.com\/es\/#\/schema\/logo\/image\/"}},{"@type":"Person","@id":"https:\/\/regalaunninot.com\/es\/#\/schema\/person\/8507d97f380cd3c3f3d45750d63884aa","name":"regalaunninot","image":{"@type":"ImageObject","inLanguage":"es","@id":"https:\/\/regalaunninot.com\/es\/#\/schema\/person\/image\/","url":"https:\/\/secure.gravatar.com\/avatar\/ff13355018b178563323eb8d24b94e900ee8f3e8049d94325d6c5fbc19e49f10?s=96&d=mm&r=g","contentUrl":"https:\/\/secure.gravatar.com\/avatar\/ff13355018b178563323eb8d24b94e900ee8f3e8049d94325d6c5fbc19e49f10?s=96&d=mm&r=g","caption":"regalaunninot"},"sameAs":["https:\/\/regalaunninot.com"]}]}},"_links":{"self":[{"href":"https:\/\/regalaunninot.com\/es\/wp-json\/wp\/v2\/posts\/6832","targetHints":{"allow":["GET"]}}],"collection":[{"href":"https:\/\/regalaunninot.com\/es\/wp-json\/wp\/v2\/posts"}],"about":[{"href":"https:\/\/regalaunninot.com\/es\/wp-json\/wp\/v2\/types\/post"}],"author":[{"embeddable":true,"href":"https:\/\/regalaunninot.com\/es\/wp-json\/wp\/v2\/users\/1"}],"replies":[{"embeddable":true,"href":"https:\/\/regalaunninot.com\/es\/wp-json\/wp\/v2\/comments?post=6832"}],"version-history":[{"count":0,"href":"https:\/\/regalaunninot.com\/es\/wp-json\/wp\/v2\/posts\/6832\/revisions"}],"wp:featuredmedia":[{"embeddable":true,"href":"https:\/\/regalaunninot.com\/es\/wp-json\/wp\/v2\/media\/6853"}],"wp:attachment":[{"href":"https:\/\/regalaunninot.com\/es\/wp-json\/wp\/v2\/media?parent=6832"}],"wp:term":[{"taxonomy":"category","embeddable":true,"href":"https:\/\/regalaunninot.com\/es\/wp-json\/wp\/v2\/categories?post=6832"},{"taxonomy":"post_tag","embeddable":true,"href":"https:\/\/regalaunninot.com\/es\/wp-json\/wp\/v2\/tags?post=6832"}],"curies":[{"name":"wp","href":"https:\/\/api.w.org\/{rel}","templated":true}]}}