{"id":8310,"date":"2022-12-16T21:01:40","date_gmt":"2022-12-16T20:01:40","guid":{"rendered":"https:\/\/regalaunninot.com\/regala-un-ninot-lleva-la-llama-fallera-a-los-premios-culturales-de-la-jlf-de-xativa\/"},"modified":"2022-12-18T19:51:09","modified_gmt":"2022-12-18T18:51:09","slug":"regala-un-ninot-llama-fallera-premios-culturales-xativa","status":"publish","type":"post","link":"https:\/\/regalaunninot.com\/es\/regala-un-ninot-llama-fallera-premios-culturales-xativa\/","title":{"rendered":"Regala Un Ninot lleva la llama fallera a los premios culturales de la JLF de X\u00e0tiva"},"content":{"rendered":"\n<figure class=\"wp-block-image size-large\"><img decoding=\"async\" src=\"https:\/\/regalaunninot.com\/wp-content\/uploads\/2022\/12\/post1-premis-culturals-junta-local-fallera-xativa-2022-regala-un-ninot-valua-1-1024x819.jpg\" alt=\"\" class=\"wp-image-8302\"\/><\/figure>\n\n\n\n<p>La Junta Local Fallera de X\u00e0tiva ha entregado este viernes 16 de diciembre los premios de las Jornadas Culturales, en la Gala de la Cultura de capital de la Costera. <\/p>\n\n\n\n<p>Regala Un Ninot, la marca de <strong>ninots falleros<\/strong> de <a href=\"https:\/\/valuahub.com\/\">Valua<\/a>, ha sido la encargada de crear los trofeos de todos los premiados de las diferentes categor\u00edas de estos premios culturales. Obsequios, completamente personalizados y realizados por <a href=\"https:\/\/artistasfalleros.com\/\">artistas falleros<\/a> con un cuidadoso trabajo en madera, que representan la llama de la Cultura que las Fallas mantienen viva. <strong>Jose Luis Platero<\/strong> y <strong>Kortexyz<\/strong> han sido los encargados de realizar estos obsequios con el dise\u00f1o de <strong>Valen Alcal\u00e0<\/strong>. <\/p>\n\n\n\n<p>Este trabajo pensado muy especialmente para X\u00e0tiva, es un v\u00ednculo entre la esencia de la fiesta, Patrimonio de la Humanidad, y el s\u00edmbolo que la representa y la hace \u00fanica: la madera y el fuego. Creada, pieza por pieza, a trav\u00e9s de las manos de los mismos artesanos que a\u00f1o tras a\u00f1o llenan con de color y s\u00e1tira su ingenio el coraz\u00f3n de los falleros.<\/p>\n\n\n\n<p>Adem\u00e1s, en una apuesta clara por el impulso de la <strong>cultura fallera<\/strong>, Regala Un Ninot ha colaborado con el patrocinio del premio de fotograf\u00eda, haciendo entrega al ganador\/a de una pareja de fallerets personalizados.<\/p>\n\n\n\n<figure class=\"wp-block-image size-large\"><img decoding=\"async\" src=\"https:\/\/regalaunninot.com\/wp-content\/uploads\/2022\/12\/post2-premis-culturals-junta-local-fallera-xativa-2022-regala-un-ninot-valua-1024x819.jpg\" alt=\"\" class=\"wp-image-8304\"\/><\/figure>\n\n\n\n<h2 class=\"wp-block-heading\" id=\"h-altres-estatuetes-per-a-premis\"><strong>Otros obsequios realizados<\/strong><\/h2>\n\n\n\n<p><a href=\"https:\/\/regalaunninot.com\/proyectos\/trofeos-fallas-2021\/\">Trofeos de las Fallas de Val\u00e8ncia 2021<\/a><\/p>\n\n\n\n<p><a href=\"https:\/\/regalaunninot.com\/proyectos\/trofeo-ucrania-upv\/\">Trofeos personalizados para la UPV<\/a><\/p>\n\n\n\n<h2 class=\"wp-block-heading\" id=\"h-tens-un-acte-i-vols-ser-original\"><strong>\u00bfTienes un acto y quieres ser original?<\/strong><\/h2>\n\n\n\n<p>Los obsequios realizados con la t\u00e9cnica de los <strong>artistas falleros<\/strong> son el detalle perfecto para cualquier reconocimiento y su realizaci\u00f3n es totalmente a medida, con un trabajo adaptado a cada tipo de acto. En Regala un Ninot, empresa de <strong>Valua Arts &amp; Crafts<\/strong>, dise\u00f1amos y realizamos trofeos y premios de forma personalizada y que representan a la perfecci\u00f3n los valores del acontecimiento. Contacta con nosotros a trav\u00e9s del web. Contacta amb nosaltres a trav\u00e9s del <a href=\"https:\/\/valuahub.com\/contacto\/\">web<\/a>. <\/p>\n","protected":false},"excerpt":{"rendered":"<p>La Junta Local Fallera de X\u00e0tiva ha entregado este viernes 16 de diciembre los premios de las Jornadas Culturales, en la Gala de la Cultura de capital de la Costera. Regala Un Ninot, la marca de ninots falleros de Valua, ha sido la encargada de crear los trofeos de todos los premiados de las diferentes [&hellip;]<\/p>\n","protected":false},"author":4,"featured_media":8309,"comment_status":"closed","ping_status":"closed","sticky":false,"template":"","format":"standard","meta":{"footnotes":""},"categories":[1],"tags":[790,1140,976,791,1057,1110,800,1265,1230,1116,425,1235,865],"class_list":["post-8310","post","type-post","status-publish","format-standard","has-post-thumbnail","hentry","category-noticies-de-regala-un-ninot","tag-artista-fallero","tag-artistas-falleros-es","tag-artistas-falleros","tag-fallas","tag-fallas-de-valencia","tag-fallas-de-valencia-2","tag-falles","tag-ninot-de-falla-es","tag-ninot-para-eventos","tag-ninots-personalizados","tag-regala-un-ninot","tag-tu-ninot-personalizado","tag-valencia-es"],"acf":[],"yoast_head":"<!-- This site is optimized with the Yoast SEO Premium plugin v19.3 (Yoast SEO v26.5) - https:\/\/yoast.com\/wordpress\/plugins\/seo\/ -->\n<title>\u2705 Trofeos: Premios Culturales JLF X\u00e0tiva | Regala un Ninot \ud83c\udf81<\/title>\n<meta name=\"description\" content=\"La JLF de X\u00e0tiva ha entregado este viernes 16 de diciembre los premios de las Jornadas Culturales, en la Gala de la Cultura de capital de la Costera.\" \/>\n<meta name=\"robots\" content=\"index, follow, max-snippet:-1, max-image-preview:large, max-video-preview:-1\" \/>\n<link rel=\"canonical\" href=\"https:\/\/regalaunninot.com\/es\/regala-un-ninot-llama-fallera-premios-culturales-xativa\/\" \/>\n<meta property=\"og:locale\" content=\"es_ES\" \/>\n<meta property=\"og:type\" content=\"article\" \/>\n<meta property=\"og:title\" content=\"Regala Un Ninot lleva la llama fallera a los premios culturales de la JLF de X\u00e0tiva\" \/>\n<meta property=\"og:description\" content=\"La JLF de X\u00e0tiva ha entregado este viernes 16 de diciembre los premios de las Jornadas Culturales, en la Gala de la Cultura de capital de la Costera.\" \/>\n<meta property=\"og:url\" content=\"https:\/\/regalaunninot.com\/es\/regala-un-ninot-llama-fallera-premios-culturales-xativa\/\" \/>\n<meta property=\"og:site_name\" content=\"\ud83c\udf81 Regala Un Ninot \u200d\ud83c\udfa8\" \/>\n<meta property=\"article:published_time\" content=\"2022-12-16T20:01:40+00:00\" \/>\n<meta property=\"article:modified_time\" content=\"2022-12-18T18:51:09+00:00\" \/>\n<meta property=\"og:image\" content=\"https:\/\/regalaunninot.com\/wp-content\/uploads\/2022\/12\/post1-premis-culturals-junta-local-fallera-xativa-2022-regala-un-ninot-valua-2.jpg\" \/>\n\t<meta property=\"og:image:width\" content=\"1350\" \/>\n\t<meta property=\"og:image:height\" content=\"1080\" \/>\n\t<meta property=\"og:image:type\" content=\"image\/jpeg\" \/>\n<meta name=\"author\" content=\"Regala Un Ninot\" \/>\n<meta name=\"twitter:card\" content=\"summary_large_image\" \/>\n<meta name=\"twitter:label1\" content=\"Escrito por\" \/>\n\t<meta name=\"twitter:data1\" content=\"Regala Un Ninot\" \/>\n\t<meta name=\"twitter:label2\" content=\"Tiempo de lectura\" \/>\n\t<meta name=\"twitter:data2\" content=\"3 minutos\" \/>\n<script type=\"application\/ld+json\" class=\"yoast-schema-graph\">{\"@context\":\"https:\/\/schema.org\",\"@graph\":[{\"@type\":\"Article\",\"@id\":\"https:\/\/regalaunninot.com\/es\/regala-un-ninot-llama-fallera-premios-culturales-xativa\/#article\",\"isPartOf\":{\"@id\":\"https:\/\/regalaunninot.com\/es\/regala-un-ninot-llama-fallera-premios-culturales-xativa\/\"},\"author\":{\"name\":\"Regala Un Ninot\",\"@id\":\"https:\/\/regalaunninot.com\/es\/#\/schema\/person\/34e3f4d4b1f91424f7f33f1da91085ad\"},\"headline\":\"Regala Un Ninot lleva la llama fallera a los premios culturales de la JLF de X\u00e0tiva\",\"datePublished\":\"2022-12-16T20:01:40+00:00\",\"dateModified\":\"2022-12-18T18:51:09+00:00\",\"mainEntityOfPage\":{\"@id\":\"https:\/\/regalaunninot.com\/es\/regala-un-ninot-llama-fallera-premios-culturales-xativa\/\"},\"wordCount\":338,\"publisher\":{\"@id\":\"https:\/\/regalaunninot.com\/es\/#organization\"},\"image\":{\"@id\":\"https:\/\/regalaunninot.com\/es\/regala-un-ninot-llama-fallera-premios-culturales-xativa\/#primaryimage\"},\"thumbnailUrl\":\"https:\/\/regalaunninot.com\/wp-content\/uploads\/2022\/12\/post1-premis-culturals-junta-local-fallera-xativa-2022-regala-un-ninot-valua-2.jpg\",\"keywords\":[\"artista fallero\",\"artistas falleros\",\"artistas falleros\",\"fallas\",\"fallas de valencia\",\"fallas de valencia\",\"falles\",\"ninot de falla\",\"ninot para eventos\",\"ninots personalizados\",\"regala un ninot\",\"tu ninot personalizado\",\"valencia\"],\"articleSection\":[\"Not\u00edcies de regala un ninot\"],\"inLanguage\":\"es\"},{\"@type\":\"WebPage\",\"@id\":\"https:\/\/regalaunninot.com\/es\/regala-un-ninot-llama-fallera-premios-culturales-xativa\/\",\"url\":\"https:\/\/regalaunninot.com\/es\/regala-un-ninot-llama-fallera-premios-culturales-xativa\/\",\"name\":\"\u2705 Trofeos: Premios Culturales JLF X\u00e0tiva | Regala un Ninot \ud83c\udf81\",\"isPartOf\":{\"@id\":\"https:\/\/regalaunninot.com\/es\/#website\"},\"primaryImageOfPage\":{\"@id\":\"https:\/\/regalaunninot.com\/es\/regala-un-ninot-llama-fallera-premios-culturales-xativa\/#primaryimage\"},\"image\":{\"@id\":\"https:\/\/regalaunninot.com\/es\/regala-un-ninot-llama-fallera-premios-culturales-xativa\/#primaryimage\"},\"thumbnailUrl\":\"https:\/\/regalaunninot.com\/wp-content\/uploads\/2022\/12\/post1-premis-culturals-junta-local-fallera-xativa-2022-regala-un-ninot-valua-2.jpg\",\"datePublished\":\"2022-12-16T20:01:40+00:00\",\"dateModified\":\"2022-12-18T18:51:09+00:00\",\"description\":\"La JLF de X\u00e0tiva ha entregado este viernes 16 de diciembre los premios de las Jornadas Culturales, en la Gala de la Cultura de capital de la Costera.\",\"breadcrumb\":{\"@id\":\"https:\/\/regalaunninot.com\/es\/regala-un-ninot-llama-fallera-premios-culturales-xativa\/#breadcrumb\"},\"inLanguage\":\"es\",\"potentialAction\":[{\"@type\":\"ReadAction\",\"target\":[\"https:\/\/regalaunninot.com\/es\/regala-un-ninot-llama-fallera-premios-culturales-xativa\/\"]}]},{\"@type\":\"ImageObject\",\"inLanguage\":\"es\",\"@id\":\"https:\/\/regalaunninot.com\/es\/regala-un-ninot-llama-fallera-premios-culturales-xativa\/#primaryimage\",\"url\":\"https:\/\/regalaunninot.com\/wp-content\/uploads\/2022\/12\/post1-premis-culturals-junta-local-fallera-xativa-2022-regala-un-ninot-valua-2.jpg\",\"contentUrl\":\"https:\/\/regalaunninot.com\/wp-content\/uploads\/2022\/12\/post1-premis-culturals-junta-local-fallera-xativa-2022-regala-un-ninot-valua-2.jpg\",\"width\":1350,\"height\":1080},{\"@type\":\"BreadcrumbList\",\"@id\":\"https:\/\/regalaunninot.com\/es\/regala-un-ninot-llama-fallera-premios-culturales-xativa\/#breadcrumb\",\"itemListElement\":[{\"@type\":\"ListItem\",\"position\":1,\"name\":\"Inici\",\"item\":\"https:\/\/regalaunninot.com\/es\/\"},{\"@type\":\"ListItem\",\"position\":2,\"name\":\"Regala Un Ninot lleva la llama fallera a los premios culturales de la JLF de X\u00e0tiva\"}]},{\"@type\":\"WebSite\",\"@id\":\"https:\/\/regalaunninot.com\/es\/#website\",\"url\":\"https:\/\/regalaunninot.com\/es\/\",\"name\":\"\ud83c\udf81 Regala Un Ninot \u200d\ud83c\udfa8\",\"description\":\"Regala la creatividad de nuestros artistas falleros y foguereros\",\"publisher\":{\"@id\":\"https:\/\/regalaunninot.com\/es\/#organization\"},\"potentialAction\":[{\"@type\":\"SearchAction\",\"target\":{\"@type\":\"EntryPoint\",\"urlTemplate\":\"https:\/\/regalaunninot.com\/es\/?s={search_term_string}\"},\"query-input\":{\"@type\":\"PropertyValueSpecification\",\"valueRequired\":true,\"valueName\":\"search_term_string\"}}],\"inLanguage\":\"es\"},{\"@type\":\"Organization\",\"@id\":\"https:\/\/regalaunninot.com\/es\/#organization\",\"name\":\"Regala Un Ninot\",\"url\":\"https:\/\/regalaunninot.com\/es\/\",\"logo\":{\"@type\":\"ImageObject\",\"inLanguage\":\"es\",\"@id\":\"https:\/\/regalaunninot.com\/es\/#\/schema\/logo\/image\/\",\"url\":\"https:\/\/regalaunninot.com\/wp-content\/uploads\/2020\/12\/logo-regala-un-ninot-h.png\",\"contentUrl\":\"https:\/\/regalaunninot.com\/wp-content\/uploads\/2020\/12\/logo-regala-un-ninot-h.png\",\"width\":1787,\"height\":705,\"caption\":\"Regala Un Ninot\"},\"image\":{\"@id\":\"https:\/\/regalaunninot.com\/es\/#\/schema\/logo\/image\/\"}},{\"@type\":\"Person\",\"@id\":\"https:\/\/regalaunninot.com\/es\/#\/schema\/person\/34e3f4d4b1f91424f7f33f1da91085ad\",\"name\":\"Regala Un Ninot\",\"image\":{\"@type\":\"ImageObject\",\"inLanguage\":\"es\",\"@id\":\"https:\/\/regalaunninot.com\/es\/#\/schema\/person\/image\/\",\"url\":\"https:\/\/secure.gravatar.com\/avatar\/7a3441565a64465c32a8394c1f665a2f5323f86cb08086912f0c96be89e832c3?s=96&d=mm&r=g\",\"contentUrl\":\"https:\/\/secure.gravatar.com\/avatar\/7a3441565a64465c32a8394c1f665a2f5323f86cb08086912f0c96be89e832c3?s=96&d=mm&r=g\",\"caption\":\"Regala Un Ninot\"}}]}<\/script>\n<!-- \/ Yoast SEO Premium plugin. -->","yoast_head_json":{"title":"\u2705 Trofeos: Premios Culturales JLF X\u00e0tiva | Regala un Ninot \ud83c\udf81","description":"La JLF de X\u00e0tiva ha entregado este viernes 16 de diciembre los premios de las Jornadas Culturales, en la Gala de la Cultura de capital de la Costera.","robots":{"index":"index","follow":"follow","max-snippet":"max-snippet:-1","max-image-preview":"max-image-preview:large","max-video-preview":"max-video-preview:-1"},"canonical":"https:\/\/regalaunninot.com\/es\/regala-un-ninot-llama-fallera-premios-culturales-xativa\/","og_locale":"es_ES","og_type":"article","og_title":"Regala Un Ninot lleva la llama fallera a los premios culturales de la JLF de X\u00e0tiva","og_description":"La JLF de X\u00e0tiva ha entregado este viernes 16 de diciembre los premios de las Jornadas Culturales, en la Gala de la Cultura de capital de la Costera.","og_url":"https:\/\/regalaunninot.com\/es\/regala-un-ninot-llama-fallera-premios-culturales-xativa\/","og_site_name":"\ud83c\udf81 Regala Un Ninot \u200d\ud83c\udfa8","article_published_time":"2022-12-16T20:01:40+00:00","article_modified_time":"2022-12-18T18:51:09+00:00","og_image":[{"width":1350,"height":1080,"url":"https:\/\/regalaunninot.com\/wp-content\/uploads\/2022\/12\/post1-premis-culturals-junta-local-fallera-xativa-2022-regala-un-ninot-valua-2.jpg","type":"image\/jpeg"}],"author":"Regala Un Ninot","twitter_card":"summary_large_image","twitter_misc":{"Escrito por":"Regala Un Ninot","Tiempo de lectura":"3 minutos"},"schema":{"@context":"https:\/\/schema.org","@graph":[{"@type":"Article","@id":"https:\/\/regalaunninot.com\/es\/regala-un-ninot-llama-fallera-premios-culturales-xativa\/#article","isPartOf":{"@id":"https:\/\/regalaunninot.com\/es\/regala-un-ninot-llama-fallera-premios-culturales-xativa\/"},"author":{"name":"Regala Un Ninot","@id":"https:\/\/regalaunninot.com\/es\/#\/schema\/person\/34e3f4d4b1f91424f7f33f1da91085ad"},"headline":"Regala Un Ninot lleva la llama fallera a los premios culturales de la JLF de X\u00e0tiva","datePublished":"2022-12-16T20:01:40+00:00","dateModified":"2022-12-18T18:51:09+00:00","mainEntityOfPage":{"@id":"https:\/\/regalaunninot.com\/es\/regala-un-ninot-llama-fallera-premios-culturales-xativa\/"},"wordCount":338,"publisher":{"@id":"https:\/\/regalaunninot.com\/es\/#organization"},"image":{"@id":"https:\/\/regalaunninot.com\/es\/regala-un-ninot-llama-fallera-premios-culturales-xativa\/#primaryimage"},"thumbnailUrl":"https:\/\/regalaunninot.com\/wp-content\/uploads\/2022\/12\/post1-premis-culturals-junta-local-fallera-xativa-2022-regala-un-ninot-valua-2.jpg","keywords":["artista fallero","artistas falleros","artistas falleros","fallas","fallas de valencia","fallas de valencia","falles","ninot de falla","ninot para eventos","ninots personalizados","regala un ninot","tu ninot personalizado","valencia"],"articleSection":["Not\u00edcies de regala un ninot"],"inLanguage":"es"},{"@type":"WebPage","@id":"https:\/\/regalaunninot.com\/es\/regala-un-ninot-llama-fallera-premios-culturales-xativa\/","url":"https:\/\/regalaunninot.com\/es\/regala-un-ninot-llama-fallera-premios-culturales-xativa\/","name":"\u2705 Trofeos: Premios Culturales JLF X\u00e0tiva | Regala un Ninot \ud83c\udf81","isPartOf":{"@id":"https:\/\/regalaunninot.com\/es\/#website"},"primaryImageOfPage":{"@id":"https:\/\/regalaunninot.com\/es\/regala-un-ninot-llama-fallera-premios-culturales-xativa\/#primaryimage"},"image":{"@id":"https:\/\/regalaunninot.com\/es\/regala-un-ninot-llama-fallera-premios-culturales-xativa\/#primaryimage"},"thumbnailUrl":"https:\/\/regalaunninot.com\/wp-content\/uploads\/2022\/12\/post1-premis-culturals-junta-local-fallera-xativa-2022-regala-un-ninot-valua-2.jpg","datePublished":"2022-12-16T20:01:40+00:00","dateModified":"2022-12-18T18:51:09+00:00","description":"La JLF de X\u00e0tiva ha entregado este viernes 16 de diciembre los premios de las Jornadas Culturales, en la Gala de la Cultura de capital de la Costera.","breadcrumb":{"@id":"https:\/\/regalaunninot.com\/es\/regala-un-ninot-llama-fallera-premios-culturales-xativa\/#breadcrumb"},"inLanguage":"es","potentialAction":[{"@type":"ReadAction","target":["https:\/\/regalaunninot.com\/es\/regala-un-ninot-llama-fallera-premios-culturales-xativa\/"]}]},{"@type":"ImageObject","inLanguage":"es","@id":"https:\/\/regalaunninot.com\/es\/regala-un-ninot-llama-fallera-premios-culturales-xativa\/#primaryimage","url":"https:\/\/regalaunninot.com\/wp-content\/uploads\/2022\/12\/post1-premis-culturals-junta-local-fallera-xativa-2022-regala-un-ninot-valua-2.jpg","contentUrl":"https:\/\/regalaunninot.com\/wp-content\/uploads\/2022\/12\/post1-premis-culturals-junta-local-fallera-xativa-2022-regala-un-ninot-valua-2.jpg","width":1350,"height":1080},{"@type":"BreadcrumbList","@id":"https:\/\/regalaunninot.com\/es\/regala-un-ninot-llama-fallera-premios-culturales-xativa\/#breadcrumb","itemListElement":[{"@type":"ListItem","position":1,"name":"Inici","item":"https:\/\/regalaunninot.com\/es\/"},{"@type":"ListItem","position":2,"name":"Regala Un Ninot lleva la llama fallera a los premios culturales de la JLF de X\u00e0tiva"}]},{"@type":"WebSite","@id":"https:\/\/regalaunninot.com\/es\/#website","url":"https:\/\/regalaunninot.com\/es\/","name":"\ud83c\udf81 Regala Un Ninot \u200d\ud83c\udfa8","description":"Regala la creatividad de nuestros artistas falleros y foguereros","publisher":{"@id":"https:\/\/regalaunninot.com\/es\/#organization"},"potentialAction":[{"@type":"SearchAction","target":{"@type":"EntryPoint","urlTemplate":"https:\/\/regalaunninot.com\/es\/?s={search_term_string}"},"query-input":{"@type":"PropertyValueSpecification","valueRequired":true,"valueName":"search_term_string"}}],"inLanguage":"es"},{"@type":"Organization","@id":"https:\/\/regalaunninot.com\/es\/#organization","name":"Regala Un Ninot","url":"https:\/\/regalaunninot.com\/es\/","logo":{"@type":"ImageObject","inLanguage":"es","@id":"https:\/\/regalaunninot.com\/es\/#\/schema\/logo\/image\/","url":"https:\/\/regalaunninot.com\/wp-content\/uploads\/2020\/12\/logo-regala-un-ninot-h.png","contentUrl":"https:\/\/regalaunninot.com\/wp-content\/uploads\/2020\/12\/logo-regala-un-ninot-h.png","width":1787,"height":705,"caption":"Regala Un Ninot"},"image":{"@id":"https:\/\/regalaunninot.com\/es\/#\/schema\/logo\/image\/"}},{"@type":"Person","@id":"https:\/\/regalaunninot.com\/es\/#\/schema\/person\/34e3f4d4b1f91424f7f33f1da91085ad","name":"Regala Un Ninot","image":{"@type":"ImageObject","inLanguage":"es","@id":"https:\/\/regalaunninot.com\/es\/#\/schema\/person\/image\/","url":"https:\/\/secure.gravatar.com\/avatar\/7a3441565a64465c32a8394c1f665a2f5323f86cb08086912f0c96be89e832c3?s=96&d=mm&r=g","contentUrl":"https:\/\/secure.gravatar.com\/avatar\/7a3441565a64465c32a8394c1f665a2f5323f86cb08086912f0c96be89e832c3?s=96&d=mm&r=g","caption":"Regala Un Ninot"}}]}},"_links":{"self":[{"href":"https:\/\/regalaunninot.com\/es\/wp-json\/wp\/v2\/posts\/8310","targetHints":{"allow":["GET"]}}],"collection":[{"href":"https:\/\/regalaunninot.com\/es\/wp-json\/wp\/v2\/posts"}],"about":[{"href":"https:\/\/regalaunninot.com\/es\/wp-json\/wp\/v2\/types\/post"}],"author":[{"embeddable":true,"href":"https:\/\/regalaunninot.com\/es\/wp-json\/wp\/v2\/users\/4"}],"replies":[{"embeddable":true,"href":"https:\/\/regalaunninot.com\/es\/wp-json\/wp\/v2\/comments?post=8310"}],"version-history":[{"count":2,"href":"https:\/\/regalaunninot.com\/es\/wp-json\/wp\/v2\/posts\/8310\/revisions"}],"predecessor-version":[{"id":8314,"href":"https:\/\/regalaunninot.com\/es\/wp-json\/wp\/v2\/posts\/8310\/revisions\/8314"}],"wp:featuredmedia":[{"embeddable":true,"href":"https:\/\/regalaunninot.com\/es\/wp-json\/wp\/v2\/media\/8309"}],"wp:attachment":[{"href":"https:\/\/regalaunninot.com\/es\/wp-json\/wp\/v2\/media?parent=8310"}],"wp:term":[{"taxonomy":"category","embeddable":true,"href":"https:\/\/regalaunninot.com\/es\/wp-json\/wp\/v2\/categories?post=8310"},{"taxonomy":"post_tag","embeddable":true,"href":"https:\/\/regalaunninot.com\/es\/wp-json\/wp\/v2\/tags?post=8310"}],"curies":[{"name":"wp","href":"https:\/\/api.w.org\/{rel}","templated":true}]}}