{"id":8571,"date":"2023-03-08T14:54:27","date_gmt":"2023-03-08T13:54:27","guid":{"rendered":"https:\/\/regalaunninot.com\/?p=8571"},"modified":"2023-03-08T14:57:36","modified_gmt":"2023-03-08T13:57:36","slug":"reclamo-visual-para-8m-igualdad-de-la-diputacion-de-valencia","status":"publish","type":"post","link":"https:\/\/regalaunninot.com\/es\/reclamo-visual-para-8m-igualdad-de-la-diputacion-de-valencia\/","title":{"rendered":"Reclamo visual para 8M: acto de la Diputaci\u00f3n de Valencia\u00a0"},"content":{"rendered":"\n<figure class=\"wp-block-image size-large\"><img loading=\"lazy\" decoding=\"async\" width=\"1024\" height=\"819\" src=\"https:\/\/regalaunninot.com\/wp-content\/uploads\/2023\/03\/FB1-diputacio-valencia-igualtat-acte-8M-reclamo-visual-valua-regala-un-ninot-1024x819.png\" alt=\"\" class=\"wp-image-8587\"\/><\/figure>\n\n\n\n<p>El 8 de marzo, <strong>D\u00eda Internacional de la Mujer<\/strong>, es una fecha de reivindicaci\u00f3n y visibilizaci\u00f3n de la lucha por la igualdad de las mujeres. En el marco de esta celebraci\u00f3n, la <strong>Delegaci\u00f3n de Igualdad de la Diputaci\u00f3n de Valencia<\/strong> ha apostado por la realizaci\u00f3n de su reclamo feminista a gran escala.&nbsp;<\/p>\n\n\n\n<p>Con el lema \u201cNOSALTRES, LES DONES, VOLEM DECIDIR\u201d, la Diputaci\u00f3n reivindica la importancia de que las mujeres tomen la palabra y decidan por ellas mismas. En esta frase se apoya la imagen de la Delegaci\u00f3n, con forma de atril que integra la cara de una mujer. Un reclamo visual a trav\u00e9s del cual esta instituci\u00f3n p\u00fablica busca impactar en la poblaci\u00f3n para que el mensaje de lucha por la igualdad llegue con mayor fuerza.\u00a0<\/p>\n\n\n\n<p>En las campa\u00f1as de acci\u00f3n social como el 8M es imprescindible realizar acciones que llamen la atenci\u00f3n, que creen un efecto diferenciador. Y aqu\u00ed es donde entran en juego las creaciones art\u00edsticas reconvertidas en atractivo publicitario.<\/p>\n\n\n\n<figure class=\"wp-block-image size-large\"><img loading=\"lazy\" decoding=\"async\" width=\"1024\" height=\"573\" src=\"https:\/\/regalaunninot.com\/wp-content\/uploads\/2023\/03\/dia-mujer-diputacio-valencia-decoracion-campana-valua-regala-un-ninot-1024x573.jpg\" alt=\"\" class=\"wp-image-8595\"\/><figcaption class=\"wp-element-caption\">Acto conmemorativo del D\u00eda de la Mujer en la Diputaci\u00f3 de Val\u00e8ncia. Fuente: Diputaci\u00f3 de Val\u00e8ncia.<\/figcaption><\/figure>\n\n\n\n<p>Esta decoraci\u00f3n, convertida en reclamo de Igualdad de la Diputaci\u00f3n de Valencia, ha sido creada por <a href=\"https:\/\/valuahub.com\/\">Valua<\/a> en colaboraci\u00f3n con el artista fallero <strong>Jos\u00e9 Luis Platero<\/strong>. Nuestra empresa de tematizaci\u00f3n y decoraci\u00f3n de espacios est\u00e1 formada por miembros que suman m\u00e1s de 40 a\u00f1os de experiencia en el sector del dise\u00f1o de proyectos art\u00edsticos. Un equipo que, adem\u00e1s de proyectar, se encarga de asesorar, acompa\u00f1ar y realizar el proyecto de tematizaci\u00f3n y ambientaci\u00f3n de locales desde cero y junto a los organizadores.<\/p>\n\n\n\n<p>El busto creado especialmente para el acto institucional del D\u00eda de la Mujer en la Diputaci\u00f3n de Valencia&nbsp; 2023, incorpora el nuevo logo de la instituci\u00f3n, presentado el pasado mes de febrero para conmemorar sus 210 a\u00f1os de historia.&nbsp; En \u00e9l se quiere visibilizar una entidad embajadora del municipalismo, &#8216;Per sempre pobles&#8217;, inspirado en el poema del escritor y periodista valenciano Vicent Andr\u00e9s Estell\u00e9s.<\/p>\n\n\n\n<figure class=\"wp-block-image size-large\"><img loading=\"lazy\" decoding=\"async\" width=\"1024\" height=\"819\" src=\"https:\/\/regalaunninot.com\/wp-content\/uploads\/2023\/03\/FB3-diputacio-valencia-igualtat-acte-8M-reclamo-visual-valua-regala-un-ninot-1024x819.png\" alt=\"\" class=\"wp-image-8581\"\/><\/figure>\n\n\n\n<h2 class=\"wp-block-heading\" id=\"h-otras-campanas-sociales-de-impacto\"><strong>Otras campa\u00f1as sociales de impacto&nbsp;<\/strong><\/h2>\n\n\n\n<p>Entre los trabajos realizados para instituciones p\u00fablicas est\u00e1n las <a href=\"https:\/\/regalaunninot.com\/es\/esculturas-artisticas-grandes-concienciar-poblacion-instituciones-8m-valua\/\">esculturas art\u00edsticas<\/a> de las primeras pobladoras de Torrent, protagonistas de la XXVII semana de les Dones con motivo del 8M y la <a href=\"https:\/\/regalaunninot.com\/es\/campana-8m-miradas-de-mujer\/\">campa\u00f1a para el 8M #MiradasDeMujer del Ayuntameinto de Gandia<\/a>.&nbsp;<\/p>\n\n\n\n<p>En Valua apostamos por la creaci\u00f3n de proyectos desde el triple impacto: social, econ\u00f3mico y ambiental. Todo ello a partir de la creatividad de los <a href=\"https:\/\/artistasfalleros.com\/\">artistas falleros<\/a>. Trabajos que se caracterizan por el compromiso y la responsabilidad social como factores fundamentales para la creaci\u00f3n de campa\u00f1as institucionales.<\/p>\n\n\n\n<h2 class=\"wp-block-heading\"><strong>Personalizaci\u00f3n de proyectos&nbsp;<\/strong><\/h2>\n\n\n\n<p>\u00bfTienes alguna idea o campa\u00f1a y necesitas que sea atractiva y llame la atenci\u00f3n de la poblaci\u00f3n? Desde Valua trabajamos cada proyecto de forma personalizada para cada uno de nuestros clientes. Creamos mundos m\u00e1gicos a trav\u00e9s de la tematizaci\u00f3n de espacios, decoraci\u00f3n de eventos y creaci\u00f3n de figuras art\u00edsticas.&nbsp; Solicita tu presupuesto a trav\u00e9s de la <a href=\"https:\/\/valuahub.com\/contacto\/\">web<\/a>.&nbsp;<\/p>\n","protected":false},"excerpt":{"rendered":"<p>El 8 de marzo, D\u00eda Internacional de la Mujer, es una fecha de reivindicaci\u00f3n y visibilizaci\u00f3n de la lucha por la igualdad de las mujeres. En el marco de esta celebraci\u00f3n, la Delegaci\u00f3n de Igualdad de la Diputaci\u00f3n de Valencia ha apostado por la realizaci\u00f3n de su reclamo feminista a gran escala.&nbsp; Con el lema [&hellip;]<\/p>\n","protected":false},"author":4,"featured_media":8581,"comment_status":"closed","ping_status":"closed","sticky":false,"template":"","format":"standard","meta":{"footnotes":""},"categories":[313],"tags":[857,1140,1544,1542,1057,1351,853,865],"class_list":["post-8571","post","type-post","status-publish","format-standard","has-post-thumbnail","hentry","category-noticias-de-regala-un-ninot","tag-artista-fallero-es","tag-artistas-falleros-es","tag-dia-internacional-de-la-mujer","tag-diputacio-de-valencia","tag-fallas-de-valencia","tag-ninots-con-sentimiento","tag-regala-un-ninot-es","tag-valencia-es"],"acf":[],"yoast_head":"<!-- This site is optimized with the Yoast SEO Premium plugin v19.3 (Yoast SEO v26.5) - https:\/\/yoast.com\/wordpress\/plugins\/seo\/ -->\n<title>Reclamos visuales para el 8M | \ud83c\udf81 Regala Un Ninot \ud83c\udfa8<\/title>\n<meta name=\"description\" content=\"La Delegaci\u00f3n de Igualdad de la Diputaci\u00f3 de Val\u00e8ncia ha realizado a gran escala su reclamo feminista para el D\u00eda Internacional de la Mujer.\" \/>\n<meta name=\"robots\" content=\"index, follow, max-snippet:-1, max-image-preview:large, max-video-preview:-1\" \/>\n<link rel=\"canonical\" href=\"https:\/\/regalaunninot.com\/es\/reclamo-visual-para-8m-igualdad-de-la-diputacion-de-valencia\/\" \/>\n<meta property=\"og:locale\" content=\"es_ES\" \/>\n<meta property=\"og:type\" content=\"article\" \/>\n<meta property=\"og:title\" content=\"Reclamo visual para 8M: acto de la Diputaci\u00f3n de Valencia\u00a0\" \/>\n<meta property=\"og:description\" content=\"La Delegaci\u00f3n de Igualdad de la Diputaci\u00f3 de Val\u00e8ncia ha realizado a gran escala su reclamo feminista para el D\u00eda Internacional de la Mujer.\" \/>\n<meta property=\"og:url\" content=\"https:\/\/regalaunninot.com\/es\/reclamo-visual-para-8m-igualdad-de-la-diputacion-de-valencia\/\" \/>\n<meta property=\"og:site_name\" content=\"\ud83c\udf81 Regala Un Ninot \u200d\ud83c\udfa8\" \/>\n<meta property=\"article:published_time\" content=\"2023-03-08T13:54:27+00:00\" \/>\n<meta property=\"article:modified_time\" content=\"2023-03-08T13:57:36+00:00\" \/>\n<meta property=\"og:image\" content=\"https:\/\/regalaunninot.com\/wp-content\/uploads\/2023\/03\/FB3-diputacio-valencia-igualtat-acte-8M-reclamo-visual-valua-regala-un-ninot-1024x819.png\" \/>\n\t<meta property=\"og:image:width\" content=\"1024\" \/>\n\t<meta property=\"og:image:height\" content=\"819\" \/>\n\t<meta property=\"og:image:type\" content=\"image\/png\" \/>\n<meta name=\"author\" content=\"Regala Un Ninot\" \/>\n<meta name=\"twitter:card\" content=\"summary_large_image\" \/>\n<meta name=\"twitter:label1\" content=\"Escrito por\" \/>\n\t<meta name=\"twitter:data1\" content=\"Regala Un Ninot\" \/>\n\t<meta name=\"twitter:label2\" content=\"Tiempo de lectura\" \/>\n\t<meta name=\"twitter:data2\" content=\"4 minutos\" \/>\n<script type=\"application\/ld+json\" class=\"yoast-schema-graph\">{\"@context\":\"https:\/\/schema.org\",\"@graph\":[{\"@type\":\"Article\",\"@id\":\"https:\/\/regalaunninot.com\/es\/reclamo-visual-para-8m-igualdad-de-la-diputacion-de-valencia\/#article\",\"isPartOf\":{\"@id\":\"https:\/\/regalaunninot.com\/es\/reclamo-visual-para-8m-igualdad-de-la-diputacion-de-valencia\/\"},\"author\":{\"name\":\"Regala Un Ninot\",\"@id\":\"https:\/\/regalaunninot.com\/es\/#\/schema\/person\/34e3f4d4b1f91424f7f33f1da91085ad\"},\"headline\":\"Reclamo visual para 8M: acto de la Diputaci\u00f3n de Valencia\u00a0\",\"datePublished\":\"2023-03-08T13:54:27+00:00\",\"dateModified\":\"2023-03-08T13:57:36+00:00\",\"mainEntityOfPage\":{\"@id\":\"https:\/\/regalaunninot.com\/es\/reclamo-visual-para-8m-igualdad-de-la-diputacion-de-valencia\/\"},\"wordCount\":550,\"publisher\":{\"@id\":\"https:\/\/regalaunninot.com\/es\/#organization\"},\"image\":{\"@id\":\"https:\/\/regalaunninot.com\/es\/reclamo-visual-para-8m-igualdad-de-la-diputacion-de-valencia\/#primaryimage\"},\"thumbnailUrl\":\"https:\/\/regalaunninot.com\/wp-content\/uploads\/2023\/03\/FB3-diputacio-valencia-igualtat-acte-8M-reclamo-visual-valua-regala-un-ninot.png\",\"keywords\":[\"artista fallero\",\"artistas falleros\",\"D\u00eda Internacional de la Mujer\",\"diputaci\u00f3 de val\u00e8ncia\",\"fallas de valencia\",\"ninots con sentimiento\",\"regala un ninot\",\"valencia\"],\"articleSection\":[\"Noticias de regala un ninot\"],\"inLanguage\":\"es\"},{\"@type\":\"WebPage\",\"@id\":\"https:\/\/regalaunninot.com\/es\/reclamo-visual-para-8m-igualdad-de-la-diputacion-de-valencia\/\",\"url\":\"https:\/\/regalaunninot.com\/es\/reclamo-visual-para-8m-igualdad-de-la-diputacion-de-valencia\/\",\"name\":\"Reclamos visuales para el 8M | \ud83c\udf81 Regala Un Ninot \ud83c\udfa8\",\"isPartOf\":{\"@id\":\"https:\/\/regalaunninot.com\/es\/#website\"},\"primaryImageOfPage\":{\"@id\":\"https:\/\/regalaunninot.com\/es\/reclamo-visual-para-8m-igualdad-de-la-diputacion-de-valencia\/#primaryimage\"},\"image\":{\"@id\":\"https:\/\/regalaunninot.com\/es\/reclamo-visual-para-8m-igualdad-de-la-diputacion-de-valencia\/#primaryimage\"},\"thumbnailUrl\":\"https:\/\/regalaunninot.com\/wp-content\/uploads\/2023\/03\/FB3-diputacio-valencia-igualtat-acte-8M-reclamo-visual-valua-regala-un-ninot.png\",\"datePublished\":\"2023-03-08T13:54:27+00:00\",\"dateModified\":\"2023-03-08T13:57:36+00:00\",\"description\":\"La Delegaci\u00f3n de Igualdad de la Diputaci\u00f3 de Val\u00e8ncia ha realizado a gran escala su reclamo feminista para el D\u00eda Internacional de la Mujer.\",\"breadcrumb\":{\"@id\":\"https:\/\/regalaunninot.com\/es\/reclamo-visual-para-8m-igualdad-de-la-diputacion-de-valencia\/#breadcrumb\"},\"inLanguage\":\"es\",\"potentialAction\":[{\"@type\":\"ReadAction\",\"target\":[\"https:\/\/regalaunninot.com\/es\/reclamo-visual-para-8m-igualdad-de-la-diputacion-de-valencia\/\"]}]},{\"@type\":\"ImageObject\",\"inLanguage\":\"es\",\"@id\":\"https:\/\/regalaunninot.com\/es\/reclamo-visual-para-8m-igualdad-de-la-diputacion-de-valencia\/#primaryimage\",\"url\":\"https:\/\/regalaunninot.com\/wp-content\/uploads\/2023\/03\/FB3-diputacio-valencia-igualtat-acte-8M-reclamo-visual-valua-regala-un-ninot.png\",\"contentUrl\":\"https:\/\/regalaunninot.com\/wp-content\/uploads\/2023\/03\/FB3-diputacio-valencia-igualtat-acte-8M-reclamo-visual-valua-regala-un-ninot.png\",\"width\":1350,\"height\":1080},{\"@type\":\"BreadcrumbList\",\"@id\":\"https:\/\/regalaunninot.com\/es\/reclamo-visual-para-8m-igualdad-de-la-diputacion-de-valencia\/#breadcrumb\",\"itemListElement\":[{\"@type\":\"ListItem\",\"position\":1,\"name\":\"Inici\",\"item\":\"https:\/\/regalaunninot.com\/es\/\"},{\"@type\":\"ListItem\",\"position\":2,\"name\":\"Reclamo visual para 8M: acto de la Diputaci\u00f3n de Valencia\u00a0\"}]},{\"@type\":\"WebSite\",\"@id\":\"https:\/\/regalaunninot.com\/es\/#website\",\"url\":\"https:\/\/regalaunninot.com\/es\/\",\"name\":\"\ud83c\udf81 Regala Un Ninot \u200d\ud83c\udfa8\",\"description\":\"Regala la creatividad de nuestros artistas falleros y foguereros\",\"publisher\":{\"@id\":\"https:\/\/regalaunninot.com\/es\/#organization\"},\"potentialAction\":[{\"@type\":\"SearchAction\",\"target\":{\"@type\":\"EntryPoint\",\"urlTemplate\":\"https:\/\/regalaunninot.com\/es\/?s={search_term_string}\"},\"query-input\":{\"@type\":\"PropertyValueSpecification\",\"valueRequired\":true,\"valueName\":\"search_term_string\"}}],\"inLanguage\":\"es\"},{\"@type\":\"Organization\",\"@id\":\"https:\/\/regalaunninot.com\/es\/#organization\",\"name\":\"Regala Un Ninot\",\"url\":\"https:\/\/regalaunninot.com\/es\/\",\"logo\":{\"@type\":\"ImageObject\",\"inLanguage\":\"es\",\"@id\":\"https:\/\/regalaunninot.com\/es\/#\/schema\/logo\/image\/\",\"url\":\"https:\/\/regalaunninot.com\/wp-content\/uploads\/2020\/12\/logo-regala-un-ninot-h.png\",\"contentUrl\":\"https:\/\/regalaunninot.com\/wp-content\/uploads\/2020\/12\/logo-regala-un-ninot-h.png\",\"width\":1787,\"height\":705,\"caption\":\"Regala Un Ninot\"},\"image\":{\"@id\":\"https:\/\/regalaunninot.com\/es\/#\/schema\/logo\/image\/\"}},{\"@type\":\"Person\",\"@id\":\"https:\/\/regalaunninot.com\/es\/#\/schema\/person\/34e3f4d4b1f91424f7f33f1da91085ad\",\"name\":\"Regala Un Ninot\",\"image\":{\"@type\":\"ImageObject\",\"inLanguage\":\"es\",\"@id\":\"https:\/\/regalaunninot.com\/es\/#\/schema\/person\/image\/\",\"url\":\"https:\/\/secure.gravatar.com\/avatar\/7a3441565a64465c32a8394c1f665a2f5323f86cb08086912f0c96be89e832c3?s=96&d=mm&r=g\",\"contentUrl\":\"https:\/\/secure.gravatar.com\/avatar\/7a3441565a64465c32a8394c1f665a2f5323f86cb08086912f0c96be89e832c3?s=96&d=mm&r=g\",\"caption\":\"Regala Un Ninot\"}}]}<\/script>\n<!-- \/ Yoast SEO Premium plugin. -->","yoast_head_json":{"title":"Reclamos visuales para el 8M | \ud83c\udf81 Regala Un Ninot \ud83c\udfa8","description":"La Delegaci\u00f3n de Igualdad de la Diputaci\u00f3 de Val\u00e8ncia ha realizado a gran escala su reclamo feminista para el D\u00eda Internacional de la Mujer.","robots":{"index":"index","follow":"follow","max-snippet":"max-snippet:-1","max-image-preview":"max-image-preview:large","max-video-preview":"max-video-preview:-1"},"canonical":"https:\/\/regalaunninot.com\/es\/reclamo-visual-para-8m-igualdad-de-la-diputacion-de-valencia\/","og_locale":"es_ES","og_type":"article","og_title":"Reclamo visual para 8M: acto de la Diputaci\u00f3n de Valencia\u00a0","og_description":"La Delegaci\u00f3n de Igualdad de la Diputaci\u00f3 de Val\u00e8ncia ha realizado a gran escala su reclamo feminista para el D\u00eda Internacional de la Mujer.","og_url":"https:\/\/regalaunninot.com\/es\/reclamo-visual-para-8m-igualdad-de-la-diputacion-de-valencia\/","og_site_name":"\ud83c\udf81 Regala Un Ninot \u200d\ud83c\udfa8","article_published_time":"2023-03-08T13:54:27+00:00","article_modified_time":"2023-03-08T13:57:36+00:00","og_image":[{"width":1024,"height":819,"url":"https:\/\/regalaunninot.com\/wp-content\/uploads\/2023\/03\/FB3-diputacio-valencia-igualtat-acte-8M-reclamo-visual-valua-regala-un-ninot-1024x819.png","type":"image\/png"}],"author":"Regala Un Ninot","twitter_card":"summary_large_image","twitter_misc":{"Escrito por":"Regala Un Ninot","Tiempo de lectura":"4 minutos"},"schema":{"@context":"https:\/\/schema.org","@graph":[{"@type":"Article","@id":"https:\/\/regalaunninot.com\/es\/reclamo-visual-para-8m-igualdad-de-la-diputacion-de-valencia\/#article","isPartOf":{"@id":"https:\/\/regalaunninot.com\/es\/reclamo-visual-para-8m-igualdad-de-la-diputacion-de-valencia\/"},"author":{"name":"Regala Un Ninot","@id":"https:\/\/regalaunninot.com\/es\/#\/schema\/person\/34e3f4d4b1f91424f7f33f1da91085ad"},"headline":"Reclamo visual para 8M: acto de la Diputaci\u00f3n de Valencia\u00a0","datePublished":"2023-03-08T13:54:27+00:00","dateModified":"2023-03-08T13:57:36+00:00","mainEntityOfPage":{"@id":"https:\/\/regalaunninot.com\/es\/reclamo-visual-para-8m-igualdad-de-la-diputacion-de-valencia\/"},"wordCount":550,"publisher":{"@id":"https:\/\/regalaunninot.com\/es\/#organization"},"image":{"@id":"https:\/\/regalaunninot.com\/es\/reclamo-visual-para-8m-igualdad-de-la-diputacion-de-valencia\/#primaryimage"},"thumbnailUrl":"https:\/\/regalaunninot.com\/wp-content\/uploads\/2023\/03\/FB3-diputacio-valencia-igualtat-acte-8M-reclamo-visual-valua-regala-un-ninot.png","keywords":["artista fallero","artistas falleros","D\u00eda Internacional de la Mujer","diputaci\u00f3 de val\u00e8ncia","fallas de valencia","ninots con sentimiento","regala un ninot","valencia"],"articleSection":["Noticias de regala un ninot"],"inLanguage":"es"},{"@type":"WebPage","@id":"https:\/\/regalaunninot.com\/es\/reclamo-visual-para-8m-igualdad-de-la-diputacion-de-valencia\/","url":"https:\/\/regalaunninot.com\/es\/reclamo-visual-para-8m-igualdad-de-la-diputacion-de-valencia\/","name":"Reclamos visuales para el 8M | \ud83c\udf81 Regala Un Ninot \ud83c\udfa8","isPartOf":{"@id":"https:\/\/regalaunninot.com\/es\/#website"},"primaryImageOfPage":{"@id":"https:\/\/regalaunninot.com\/es\/reclamo-visual-para-8m-igualdad-de-la-diputacion-de-valencia\/#primaryimage"},"image":{"@id":"https:\/\/regalaunninot.com\/es\/reclamo-visual-para-8m-igualdad-de-la-diputacion-de-valencia\/#primaryimage"},"thumbnailUrl":"https:\/\/regalaunninot.com\/wp-content\/uploads\/2023\/03\/FB3-diputacio-valencia-igualtat-acte-8M-reclamo-visual-valua-regala-un-ninot.png","datePublished":"2023-03-08T13:54:27+00:00","dateModified":"2023-03-08T13:57:36+00:00","description":"La Delegaci\u00f3n de Igualdad de la Diputaci\u00f3 de Val\u00e8ncia ha realizado a gran escala su reclamo feminista para el D\u00eda Internacional de la Mujer.","breadcrumb":{"@id":"https:\/\/regalaunninot.com\/es\/reclamo-visual-para-8m-igualdad-de-la-diputacion-de-valencia\/#breadcrumb"},"inLanguage":"es","potentialAction":[{"@type":"ReadAction","target":["https:\/\/regalaunninot.com\/es\/reclamo-visual-para-8m-igualdad-de-la-diputacion-de-valencia\/"]}]},{"@type":"ImageObject","inLanguage":"es","@id":"https:\/\/regalaunninot.com\/es\/reclamo-visual-para-8m-igualdad-de-la-diputacion-de-valencia\/#primaryimage","url":"https:\/\/regalaunninot.com\/wp-content\/uploads\/2023\/03\/FB3-diputacio-valencia-igualtat-acte-8M-reclamo-visual-valua-regala-un-ninot.png","contentUrl":"https:\/\/regalaunninot.com\/wp-content\/uploads\/2023\/03\/FB3-diputacio-valencia-igualtat-acte-8M-reclamo-visual-valua-regala-un-ninot.png","width":1350,"height":1080},{"@type":"BreadcrumbList","@id":"https:\/\/regalaunninot.com\/es\/reclamo-visual-para-8m-igualdad-de-la-diputacion-de-valencia\/#breadcrumb","itemListElement":[{"@type":"ListItem","position":1,"name":"Inici","item":"https:\/\/regalaunninot.com\/es\/"},{"@type":"ListItem","position":2,"name":"Reclamo visual para 8M: acto de la Diputaci\u00f3n de Valencia\u00a0"}]},{"@type":"WebSite","@id":"https:\/\/regalaunninot.com\/es\/#website","url":"https:\/\/regalaunninot.com\/es\/","name":"\ud83c\udf81 Regala Un Ninot \u200d\ud83c\udfa8","description":"Regala la creatividad de nuestros artistas falleros y foguereros","publisher":{"@id":"https:\/\/regalaunninot.com\/es\/#organization"},"potentialAction":[{"@type":"SearchAction","target":{"@type":"EntryPoint","urlTemplate":"https:\/\/regalaunninot.com\/es\/?s={search_term_string}"},"query-input":{"@type":"PropertyValueSpecification","valueRequired":true,"valueName":"search_term_string"}}],"inLanguage":"es"},{"@type":"Organization","@id":"https:\/\/regalaunninot.com\/es\/#organization","name":"Regala Un Ninot","url":"https:\/\/regalaunninot.com\/es\/","logo":{"@type":"ImageObject","inLanguage":"es","@id":"https:\/\/regalaunninot.com\/es\/#\/schema\/logo\/image\/","url":"https:\/\/regalaunninot.com\/wp-content\/uploads\/2020\/12\/logo-regala-un-ninot-h.png","contentUrl":"https:\/\/regalaunninot.com\/wp-content\/uploads\/2020\/12\/logo-regala-un-ninot-h.png","width":1787,"height":705,"caption":"Regala Un Ninot"},"image":{"@id":"https:\/\/regalaunninot.com\/es\/#\/schema\/logo\/image\/"}},{"@type":"Person","@id":"https:\/\/regalaunninot.com\/es\/#\/schema\/person\/34e3f4d4b1f91424f7f33f1da91085ad","name":"Regala Un Ninot","image":{"@type":"ImageObject","inLanguage":"es","@id":"https:\/\/regalaunninot.com\/es\/#\/schema\/person\/image\/","url":"https:\/\/secure.gravatar.com\/avatar\/7a3441565a64465c32a8394c1f665a2f5323f86cb08086912f0c96be89e832c3?s=96&d=mm&r=g","contentUrl":"https:\/\/secure.gravatar.com\/avatar\/7a3441565a64465c32a8394c1f665a2f5323f86cb08086912f0c96be89e832c3?s=96&d=mm&r=g","caption":"Regala Un Ninot"}}]}},"_links":{"self":[{"href":"https:\/\/regalaunninot.com\/es\/wp-json\/wp\/v2\/posts\/8571","targetHints":{"allow":["GET"]}}],"collection":[{"href":"https:\/\/regalaunninot.com\/es\/wp-json\/wp\/v2\/posts"}],"about":[{"href":"https:\/\/regalaunninot.com\/es\/wp-json\/wp\/v2\/types\/post"}],"author":[{"embeddable":true,"href":"https:\/\/regalaunninot.com\/es\/wp-json\/wp\/v2\/users\/4"}],"replies":[{"embeddable":true,"href":"https:\/\/regalaunninot.com\/es\/wp-json\/wp\/v2\/comments?post=8571"}],"version-history":[{"count":5,"href":"https:\/\/regalaunninot.com\/es\/wp-json\/wp\/v2\/posts\/8571\/revisions"}],"predecessor-version":[{"id":8600,"href":"https:\/\/regalaunninot.com\/es\/wp-json\/wp\/v2\/posts\/8571\/revisions\/8600"}],"wp:featuredmedia":[{"embeddable":true,"href":"https:\/\/regalaunninot.com\/es\/wp-json\/wp\/v2\/media\/8581"}],"wp:attachment":[{"href":"https:\/\/regalaunninot.com\/es\/wp-json\/wp\/v2\/media?parent=8571"}],"wp:term":[{"taxonomy":"category","embeddable":true,"href":"https:\/\/regalaunninot.com\/es\/wp-json\/wp\/v2\/categories?post=8571"},{"taxonomy":"post_tag","embeddable":true,"href":"https:\/\/regalaunninot.com\/es\/wp-json\/wp\/v2\/tags?post=8571"}],"curies":[{"name":"wp","href":"https:\/\/api.w.org\/{rel}","templated":true}]}}