{"id":9030,"date":"2023-10-24T13:08:13","date_gmt":"2023-10-24T11:08:13","guid":{"rendered":"https:\/\/regalaunninot.com\/?p=9030"},"modified":"2024-01-14T17:54:17","modified_gmt":"2024-01-14T16:54:17","slug":"elementos-decorativos-stands-ferias-comerciales-internacionales","status":"publish","type":"post","link":"https:\/\/regalaunninot.com\/es\/elementos-decorativos-stands-ferias-comerciales-internacionales\/","title":{"rendered":"Elementos decorativos para stands de Ferias\u00a0"},"content":{"rendered":"\n<p>Las ferias comerciales son el escenario perfecto para destacar y captar la atenci\u00f3n de los asistentes y potenciales clientes, para lograrlo se necesitan elementos decorativos como reclamo visual.\u00a0 <a href=\"https:\/\/marena.es\/\">MARENA S.L.<\/a>, empresa de Zaragoza especializada en el asesoramiento y la fabricaci\u00f3n de herramientas de corte y procesos de mecanizado, acudi\u00f3 a la Feria Internacional EMO Hannover 2023 con una <strong>reproducci\u00f3n de una de sus herramientas a escala gigante<\/strong>, motorizada y con detalles t\u00e9cnicos como el sistema de refrigeraci\u00f3n iluminados por medio de leds, como pieza de reclamo y decoraci\u00f3n para sus stands y posteriores eventos.\u00a0<\/p>\n\n\n\n<p>Para este trabajo la empresa especializada en realizar stands para ferias, <a href=\"https:\/\/m.facebook.com\/oscarpublideaweb\/\">Publideaweb<\/a>, cont\u00f3 con <a href=\"https:\/\/valuahub.com\/\">Valua<\/a>, empresa especializada en la realizaci\u00f3n de figuras a gran escala para eventos. Y en esta ocasi\u00f3n Valua ha contado con la colaboraci\u00f3n del <a href=\"https:\/\/artistasfalleros.com\/\">artista fallero<\/a><strong> Estudio Chuky<\/strong> para reproducir a escala gigante como elemento decorativo de 1,6 metros de altura este elemento de trabajo tan importante para Marena S.L.<\/p>\n\n\n\n<figure class=\"wp-block-image size-large\"><img loading=\"lazy\" decoding=\"async\" width=\"1024\" height=\"728\" src=\"https:\/\/regalaunninot.com\/wp-content\/uploads\/2023\/10\/EEF96455-7F4A-4666-B4D3-A9BA47C53AD9-1024x728.png\" alt=\"\" class=\"wp-image-9106\"\/><\/figure>\n\n\n\n<figure class=\"wp-block-image size-large\"><img loading=\"lazy\" decoding=\"async\" width=\"1024\" height=\"146\" src=\"https:\/\/regalaunninot.com\/wp-content\/uploads\/2023\/10\/31A6A775-1A99-434A-8934-77D607D24E81-1024x146.jpeg\" alt=\"\" class=\"wp-image-9102\"\/><\/figure>\n\n\n\n<p>Pero, \u00bfpor qu\u00e9 una <strong>figura gigante en una feria de m\u00e1quinas<\/strong> y herramientas? La respuesta es simple: la creatividad es la clave para destacar en un evento tan competitivo. La fresa de gran volumen no solo resalt\u00f3 su presencia en exclusiva en toda la pasada feria EMO 23, sino que tambi\u00e9n sirvi\u00f3 como una met\u00e1fora visual de la proyecci\u00f3n, precisi\u00f3n y la potencia de sus productos actuales y futuros.<\/p>\n\n\n\n<h2 class=\"wp-block-heading\"><strong>Creatividad y funcionalidad en la decoraci\u00f3n de stands<\/strong><\/h2>\n\n\n\n<p>Lo m\u00e1s impresionante de esta creaci\u00f3n es que no solo es visualmente impactante, sino que tambi\u00e9n es altamente funcional. Esta herramienta gigante cuenta con una plataforma giratoria que permite a los visitantes apreciarla desde todos los \u00e1ngulos y apreciar sus detalles intrincados. Adem\u00e1s, <strong>su dise\u00f1o inteligente la hace completamente desmontable<\/strong>, lo que facilita su transporte y almacenamiento para futuras ferias y eventos.<\/p>\n\n\n\n<p>Un ejemplo perfecto de c\u00f3mo la <strong>creatividad y la innovaci\u00f3n<\/strong> pueden transformar una presencia en una feria comercial en una experiencia memorable. En un mundo donde la competencia es feroz, destacar es esencial.<\/p>\n\n\n\n<p>En resumen, los <strong>elementos decorativos para ferias pueden ser mucho m\u00e1s que simples adornos<\/strong>; pueden convertirse en herramientas efectivas para atraer a los visitantes y transmitir un mensaje poderoso. Si est\u00e1s planeando participar en una feria comercial en el futuro, considera c\u00f3mo elementos creativos como este pueden ayudarte a destacar y dejar una impresi\u00f3n duradera en tus clientes potenciales.<\/p>\n\n\n\n<p><strong>\u00bfNecesitas una soluci\u00f3n decorativa para tu empresa?<\/strong><\/p>\n\n\n\n<p>El equipo de Valua, compuesto por profesionales con m\u00e1s de 40 a\u00f1os en el mundo de las <strong>figuras y elementos decorativos<\/strong>, hacemos realidad cualquier idea de la mano de los artistas falleros m\u00e1s reconocidos. S\u00famate al impacto visual para triunfar.\u00a0 \u00a1P\u00eddenos presupuesto a trav\u00e9s de <a href=\"https:\/\/regalaunninot.com\/es\/empresa\/\">nuestra web<\/a>!<\/p>\n\n\n\n<h2 class=\"wp-block-heading\" id=\"h-algunos-de-nuestros-trabajos\"><strong>Algunos de nuestros trabajos&nbsp;<\/strong><\/h2>\n\n\n\n<p><a href=\"https:\/\/regalaunninot.com\/es\/figura-stand-promocional-decoracion-eventos-belloto-salamaq\/\"><strong>Figura para stand promocional: as\u00ed es Belloto<\/strong><\/a><\/p>\n\n\n\n<p><a href=\"https:\/\/regalaunninot.com\/es\/decoracion-de-eventos-el-bolso-de-chanel-como-protagonista\/\"><strong>DECORACI\u00d3N DE EVENTOS: EL BOLSO DE CHANEL COMO PROTAGONISTA<\/strong><\/a><\/p>\n\n\n\n<p><a href=\"https:\/\/regalaunninot.com\/es\/cohete-dreamhack-valencia-decoracion-evento-gamer\/\"><strong>Cohete para DreamHack, el mayor evento gamer de Espa\u00f1a<\/strong><\/a><\/p>\n\n\n\n<p><a href=\"https:\/\/regalaunninot.com\/es\/reproducciones-gastronomicas-reclamo-turistico-alcala-xivert-alcossebre-valua\/\"><strong>Reproducciones gastron\u00f3micas: reclamo tur\u00edstico en Alcal\u00e0-Alcossebre&nbsp;<\/strong><\/a><\/p>\n","protected":false},"excerpt":{"rendered":"<p>Las ferias comerciales son el escenario perfecto para destacar y captar la atenci\u00f3n de los asistentes y potenciales clientes, para lograrlo se necesitan elementos decorativos como reclamo visual.\u00a0 MARENA S.L., empresa de Zaragoza especializada en el asesoramiento y la fabricaci\u00f3n de herramientas de corte y procesos de mecanizado, acudi\u00f3 a la Feria Internacional EMO Hannover [&hellip;]<\/p>\n","protected":false},"author":4,"featured_media":9034,"comment_status":"closed","ping_status":"closed","sticky":false,"template":"","format":"standard","meta":{"footnotes":""},"categories":[313],"tags":[857,1140,1151,1644,860,1057,1643,1265,1351,853,1618,1254,865],"class_list":["post-9030","post","type-post","status-publish","format-standard","has-post-thumbnail","hentry","category-noticias-de-regala-un-ninot","tag-artista-fallero-es","tag-artistas-falleros-es","tag-decoracion","tag-decoracion-para-empresas","tag-fallas-es","tag-fallas-de-valencia","tag-figuras-a-gran-escala","tag-ninot-de-falla-es","tag-ninots-con-sentimiento","tag-regala-un-ninot-es","tag-stands-para-ferias","tag-tu-ninot-personalizado-es","tag-valencia-es"],"acf":[],"yoast_head":"<!-- This site is optimized with the Yoast SEO Premium plugin v19.3 (Yoast SEO v26.5) - https:\/\/yoast.com\/wordpress\/plugins\/seo\/ -->\n<title>Elementos decorativos para stands de Ferias\u00a0 | \ud83c\udf81 Regala Un Ninot \u200d\ud83c\udfa8<\/title>\n<meta name=\"description\" content=\"Valua, empresa especializada en la realizaci\u00f3n de figuras a gran escala para eventos, cont\u00f3 con el artista fallero del estudio Chuky para reproducir a escala gigante como elemento decorativo de 1,6 metros de altura este elemento de trabajo tan importante para Marena S.L.\" \/>\n<meta name=\"robots\" content=\"index, follow, max-snippet:-1, max-image-preview:large, max-video-preview:-1\" \/>\n<link rel=\"canonical\" href=\"https:\/\/regalaunninot.com\/es\/elementos-decorativos-stands-ferias-comerciales-internacionales\/\" \/>\n<meta property=\"og:locale\" content=\"es_ES\" \/>\n<meta property=\"og:type\" content=\"article\" \/>\n<meta property=\"og:title\" content=\"Elementos decorativos para stands de Ferias\u00a0\" \/>\n<meta property=\"og:description\" content=\"Valua, empresa especializada en la realizaci\u00f3n de figuras a gran escala para eventos, cont\u00f3 con el artista fallero del estudio Chuky para reproducir a escala gigante como elemento decorativo de 1,6 metros de altura este elemento de trabajo tan importante para Marena S.L.\" \/>\n<meta property=\"og:url\" content=\"https:\/\/regalaunninot.com\/es\/elementos-decorativos-stands-ferias-comerciales-internacionales\/\" \/>\n<meta property=\"og:site_name\" content=\"\ud83c\udf81 Regala Un Ninot \u200d\ud83c\udfa8\" \/>\n<meta property=\"article:published_time\" content=\"2023-10-24T11:08:13+00:00\" \/>\n<meta property=\"article:modified_time\" content=\"2024-01-14T16:54:17+00:00\" \/>\n<meta property=\"og:image\" content=\"https:\/\/regalaunninot.com\/wp-content\/uploads\/2023\/10\/WEB-broca-marena-publideaweb-feria-emo-hannover-768x1024.png\" \/>\n\t<meta property=\"og:image:width\" content=\"768\" \/>\n\t<meta property=\"og:image:height\" content=\"1024\" \/>\n\t<meta property=\"og:image:type\" content=\"image\/png\" \/>\n<meta name=\"author\" content=\"Regala Un Ninot\" \/>\n<meta name=\"twitter:card\" content=\"summary_large_image\" \/>\n<meta name=\"twitter:label1\" content=\"Escrito por\" \/>\n\t<meta name=\"twitter:data1\" content=\"Regala Un Ninot\" \/>\n\t<meta name=\"twitter:label2\" content=\"Tiempo de lectura\" \/>\n\t<meta name=\"twitter:data2\" content=\"4 minutos\" \/>\n<script type=\"application\/ld+json\" class=\"yoast-schema-graph\">{\"@context\":\"https:\/\/schema.org\",\"@graph\":[{\"@type\":\"Article\",\"@id\":\"https:\/\/regalaunninot.com\/es\/elementos-decorativos-stands-ferias-comerciales-internacionales\/#article\",\"isPartOf\":{\"@id\":\"https:\/\/regalaunninot.com\/es\/elementos-decorativos-stands-ferias-comerciales-internacionales\/\"},\"author\":{\"name\":\"Regala Un Ninot\",\"@id\":\"https:\/\/regalaunninot.com\/es\/#\/schema\/person\/34e3f4d4b1f91424f7f33f1da91085ad\"},\"headline\":\"Elementos decorativos para stands de Ferias\u00a0\",\"datePublished\":\"2023-10-24T11:08:13+00:00\",\"dateModified\":\"2024-01-14T16:54:17+00:00\",\"mainEntityOfPage\":{\"@id\":\"https:\/\/regalaunninot.com\/es\/elementos-decorativos-stands-ferias-comerciales-internacionales\/\"},\"wordCount\":522,\"publisher\":{\"@id\":\"https:\/\/regalaunninot.com\/es\/#organization\"},\"image\":{\"@id\":\"https:\/\/regalaunninot.com\/es\/elementos-decorativos-stands-ferias-comerciales-internacionales\/#primaryimage\"},\"thumbnailUrl\":\"https:\/\/regalaunninot.com\/wp-content\/uploads\/2023\/10\/WEB-broca-marena-publideaweb-feria-emo-hannover.png\",\"keywords\":[\"artista fallero\",\"artistas falleros\",\"decoraci\u00f3n\",\"decoraci\u00f3n para empresas\",\"fallas\",\"fallas de valencia\",\"figuras a gran escala\",\"ninot de falla\",\"ninots con sentimiento\",\"regala un ninot\",\"stands para ferias\",\"tu ninot personalizado\",\"valencia\"],\"articleSection\":[\"Noticias de regala un ninot\"],\"inLanguage\":\"es\"},{\"@type\":\"WebPage\",\"@id\":\"https:\/\/regalaunninot.com\/es\/elementos-decorativos-stands-ferias-comerciales-internacionales\/\",\"url\":\"https:\/\/regalaunninot.com\/es\/elementos-decorativos-stands-ferias-comerciales-internacionales\/\",\"name\":\"Elementos decorativos para stands de Ferias\u00a0 | \ud83c\udf81 Regala Un Ninot \u200d\ud83c\udfa8\",\"isPartOf\":{\"@id\":\"https:\/\/regalaunninot.com\/es\/#website\"},\"primaryImageOfPage\":{\"@id\":\"https:\/\/regalaunninot.com\/es\/elementos-decorativos-stands-ferias-comerciales-internacionales\/#primaryimage\"},\"image\":{\"@id\":\"https:\/\/regalaunninot.com\/es\/elementos-decorativos-stands-ferias-comerciales-internacionales\/#primaryimage\"},\"thumbnailUrl\":\"https:\/\/regalaunninot.com\/wp-content\/uploads\/2023\/10\/WEB-broca-marena-publideaweb-feria-emo-hannover.png\",\"datePublished\":\"2023-10-24T11:08:13+00:00\",\"dateModified\":\"2024-01-14T16:54:17+00:00\",\"description\":\"Valua, empresa especializada en la realizaci\u00f3n de figuras a gran escala para eventos, cont\u00f3 con el artista fallero del estudio Chuky para reproducir a escala gigante como elemento decorativo de 1,6 metros de altura este elemento de trabajo tan importante para Marena S.L.\",\"breadcrumb\":{\"@id\":\"https:\/\/regalaunninot.com\/es\/elementos-decorativos-stands-ferias-comerciales-internacionales\/#breadcrumb\"},\"inLanguage\":\"es\",\"potentialAction\":[{\"@type\":\"ReadAction\",\"target\":[\"https:\/\/regalaunninot.com\/es\/elementos-decorativos-stands-ferias-comerciales-internacionales\/\"]}]},{\"@type\":\"ImageObject\",\"inLanguage\":\"es\",\"@id\":\"https:\/\/regalaunninot.com\/es\/elementos-decorativos-stands-ferias-comerciales-internacionales\/#primaryimage\",\"url\":\"https:\/\/regalaunninot.com\/wp-content\/uploads\/2023\/10\/WEB-broca-marena-publideaweb-feria-emo-hannover.png\",\"contentUrl\":\"https:\/\/regalaunninot.com\/wp-content\/uploads\/2023\/10\/WEB-broca-marena-publideaweb-feria-emo-hannover.png\",\"width\":1536,\"height\":2048},{\"@type\":\"BreadcrumbList\",\"@id\":\"https:\/\/regalaunninot.com\/es\/elementos-decorativos-stands-ferias-comerciales-internacionales\/#breadcrumb\",\"itemListElement\":[{\"@type\":\"ListItem\",\"position\":1,\"name\":\"Inici\",\"item\":\"https:\/\/regalaunninot.com\/es\/\"},{\"@type\":\"ListItem\",\"position\":2,\"name\":\"Elementos decorativos para stands de Ferias\u00a0\"}]},{\"@type\":\"WebSite\",\"@id\":\"https:\/\/regalaunninot.com\/es\/#website\",\"url\":\"https:\/\/regalaunninot.com\/es\/\",\"name\":\"\ud83c\udf81 Regala Un Ninot \u200d\ud83c\udfa8\",\"description\":\"Regala la creatividad de nuestros artistas falleros y foguereros\",\"publisher\":{\"@id\":\"https:\/\/regalaunninot.com\/es\/#organization\"},\"potentialAction\":[{\"@type\":\"SearchAction\",\"target\":{\"@type\":\"EntryPoint\",\"urlTemplate\":\"https:\/\/regalaunninot.com\/es\/?s={search_term_string}\"},\"query-input\":{\"@type\":\"PropertyValueSpecification\",\"valueRequired\":true,\"valueName\":\"search_term_string\"}}],\"inLanguage\":\"es\"},{\"@type\":\"Organization\",\"@id\":\"https:\/\/regalaunninot.com\/es\/#organization\",\"name\":\"Regala Un Ninot\",\"url\":\"https:\/\/regalaunninot.com\/es\/\",\"logo\":{\"@type\":\"ImageObject\",\"inLanguage\":\"es\",\"@id\":\"https:\/\/regalaunninot.com\/es\/#\/schema\/logo\/image\/\",\"url\":\"https:\/\/regalaunninot.com\/wp-content\/uploads\/2020\/12\/logo-regala-un-ninot-h.png\",\"contentUrl\":\"https:\/\/regalaunninot.com\/wp-content\/uploads\/2020\/12\/logo-regala-un-ninot-h.png\",\"width\":1787,\"height\":705,\"caption\":\"Regala Un Ninot\"},\"image\":{\"@id\":\"https:\/\/regalaunninot.com\/es\/#\/schema\/logo\/image\/\"}},{\"@type\":\"Person\",\"@id\":\"https:\/\/regalaunninot.com\/es\/#\/schema\/person\/34e3f4d4b1f91424f7f33f1da91085ad\",\"name\":\"Regala Un Ninot\",\"image\":{\"@type\":\"ImageObject\",\"inLanguage\":\"es\",\"@id\":\"https:\/\/regalaunninot.com\/es\/#\/schema\/person\/image\/\",\"url\":\"https:\/\/secure.gravatar.com\/avatar\/7a3441565a64465c32a8394c1f665a2f5323f86cb08086912f0c96be89e832c3?s=96&d=mm&r=g\",\"contentUrl\":\"https:\/\/secure.gravatar.com\/avatar\/7a3441565a64465c32a8394c1f665a2f5323f86cb08086912f0c96be89e832c3?s=96&d=mm&r=g\",\"caption\":\"Regala Un Ninot\"}}]}<\/script>\n<!-- \/ Yoast SEO Premium plugin. -->","yoast_head_json":{"title":"Elementos decorativos para stands de Ferias\u00a0 | \ud83c\udf81 Regala Un Ninot \u200d\ud83c\udfa8","description":"Valua, empresa especializada en la realizaci\u00f3n de figuras a gran escala para eventos, cont\u00f3 con el artista fallero del estudio Chuky para reproducir a escala gigante como elemento decorativo de 1,6 metros de altura este elemento de trabajo tan importante para Marena S.L.","robots":{"index":"index","follow":"follow","max-snippet":"max-snippet:-1","max-image-preview":"max-image-preview:large","max-video-preview":"max-video-preview:-1"},"canonical":"https:\/\/regalaunninot.com\/es\/elementos-decorativos-stands-ferias-comerciales-internacionales\/","og_locale":"es_ES","og_type":"article","og_title":"Elementos decorativos para stands de Ferias\u00a0","og_description":"Valua, empresa especializada en la realizaci\u00f3n de figuras a gran escala para eventos, cont\u00f3 con el artista fallero del estudio Chuky para reproducir a escala gigante como elemento decorativo de 1,6 metros de altura este elemento de trabajo tan importante para Marena S.L.","og_url":"https:\/\/regalaunninot.com\/es\/elementos-decorativos-stands-ferias-comerciales-internacionales\/","og_site_name":"\ud83c\udf81 Regala Un Ninot \u200d\ud83c\udfa8","article_published_time":"2023-10-24T11:08:13+00:00","article_modified_time":"2024-01-14T16:54:17+00:00","og_image":[{"width":768,"height":1024,"url":"https:\/\/regalaunninot.com\/wp-content\/uploads\/2023\/10\/WEB-broca-marena-publideaweb-feria-emo-hannover-768x1024.png","type":"image\/png"}],"author":"Regala Un Ninot","twitter_card":"summary_large_image","twitter_misc":{"Escrito por":"Regala Un Ninot","Tiempo de lectura":"4 minutos"},"schema":{"@context":"https:\/\/schema.org","@graph":[{"@type":"Article","@id":"https:\/\/regalaunninot.com\/es\/elementos-decorativos-stands-ferias-comerciales-internacionales\/#article","isPartOf":{"@id":"https:\/\/regalaunninot.com\/es\/elementos-decorativos-stands-ferias-comerciales-internacionales\/"},"author":{"name":"Regala Un Ninot","@id":"https:\/\/regalaunninot.com\/es\/#\/schema\/person\/34e3f4d4b1f91424f7f33f1da91085ad"},"headline":"Elementos decorativos para stands de Ferias\u00a0","datePublished":"2023-10-24T11:08:13+00:00","dateModified":"2024-01-14T16:54:17+00:00","mainEntityOfPage":{"@id":"https:\/\/regalaunninot.com\/es\/elementos-decorativos-stands-ferias-comerciales-internacionales\/"},"wordCount":522,"publisher":{"@id":"https:\/\/regalaunninot.com\/es\/#organization"},"image":{"@id":"https:\/\/regalaunninot.com\/es\/elementos-decorativos-stands-ferias-comerciales-internacionales\/#primaryimage"},"thumbnailUrl":"https:\/\/regalaunninot.com\/wp-content\/uploads\/2023\/10\/WEB-broca-marena-publideaweb-feria-emo-hannover.png","keywords":["artista fallero","artistas falleros","decoraci\u00f3n","decoraci\u00f3n para empresas","fallas","fallas de valencia","figuras a gran escala","ninot de falla","ninots con sentimiento","regala un ninot","stands para ferias","tu ninot personalizado","valencia"],"articleSection":["Noticias de regala un ninot"],"inLanguage":"es"},{"@type":"WebPage","@id":"https:\/\/regalaunninot.com\/es\/elementos-decorativos-stands-ferias-comerciales-internacionales\/","url":"https:\/\/regalaunninot.com\/es\/elementos-decorativos-stands-ferias-comerciales-internacionales\/","name":"Elementos decorativos para stands de Ferias\u00a0 | \ud83c\udf81 Regala Un Ninot \u200d\ud83c\udfa8","isPartOf":{"@id":"https:\/\/regalaunninot.com\/es\/#website"},"primaryImageOfPage":{"@id":"https:\/\/regalaunninot.com\/es\/elementos-decorativos-stands-ferias-comerciales-internacionales\/#primaryimage"},"image":{"@id":"https:\/\/regalaunninot.com\/es\/elementos-decorativos-stands-ferias-comerciales-internacionales\/#primaryimage"},"thumbnailUrl":"https:\/\/regalaunninot.com\/wp-content\/uploads\/2023\/10\/WEB-broca-marena-publideaweb-feria-emo-hannover.png","datePublished":"2023-10-24T11:08:13+00:00","dateModified":"2024-01-14T16:54:17+00:00","description":"Valua, empresa especializada en la realizaci\u00f3n de figuras a gran escala para eventos, cont\u00f3 con el artista fallero del estudio Chuky para reproducir a escala gigante como elemento decorativo de 1,6 metros de altura este elemento de trabajo tan importante para Marena S.L.","breadcrumb":{"@id":"https:\/\/regalaunninot.com\/es\/elementos-decorativos-stands-ferias-comerciales-internacionales\/#breadcrumb"},"inLanguage":"es","potentialAction":[{"@type":"ReadAction","target":["https:\/\/regalaunninot.com\/es\/elementos-decorativos-stands-ferias-comerciales-internacionales\/"]}]},{"@type":"ImageObject","inLanguage":"es","@id":"https:\/\/regalaunninot.com\/es\/elementos-decorativos-stands-ferias-comerciales-internacionales\/#primaryimage","url":"https:\/\/regalaunninot.com\/wp-content\/uploads\/2023\/10\/WEB-broca-marena-publideaweb-feria-emo-hannover.png","contentUrl":"https:\/\/regalaunninot.com\/wp-content\/uploads\/2023\/10\/WEB-broca-marena-publideaweb-feria-emo-hannover.png","width":1536,"height":2048},{"@type":"BreadcrumbList","@id":"https:\/\/regalaunninot.com\/es\/elementos-decorativos-stands-ferias-comerciales-internacionales\/#breadcrumb","itemListElement":[{"@type":"ListItem","position":1,"name":"Inici","item":"https:\/\/regalaunninot.com\/es\/"},{"@type":"ListItem","position":2,"name":"Elementos decorativos para stands de Ferias\u00a0"}]},{"@type":"WebSite","@id":"https:\/\/regalaunninot.com\/es\/#website","url":"https:\/\/regalaunninot.com\/es\/","name":"\ud83c\udf81 Regala Un Ninot \u200d\ud83c\udfa8","description":"Regala la creatividad de nuestros artistas falleros y foguereros","publisher":{"@id":"https:\/\/regalaunninot.com\/es\/#organization"},"potentialAction":[{"@type":"SearchAction","target":{"@type":"EntryPoint","urlTemplate":"https:\/\/regalaunninot.com\/es\/?s={search_term_string}"},"query-input":{"@type":"PropertyValueSpecification","valueRequired":true,"valueName":"search_term_string"}}],"inLanguage":"es"},{"@type":"Organization","@id":"https:\/\/regalaunninot.com\/es\/#organization","name":"Regala Un Ninot","url":"https:\/\/regalaunninot.com\/es\/","logo":{"@type":"ImageObject","inLanguage":"es","@id":"https:\/\/regalaunninot.com\/es\/#\/schema\/logo\/image\/","url":"https:\/\/regalaunninot.com\/wp-content\/uploads\/2020\/12\/logo-regala-un-ninot-h.png","contentUrl":"https:\/\/regalaunninot.com\/wp-content\/uploads\/2020\/12\/logo-regala-un-ninot-h.png","width":1787,"height":705,"caption":"Regala Un Ninot"},"image":{"@id":"https:\/\/regalaunninot.com\/es\/#\/schema\/logo\/image\/"}},{"@type":"Person","@id":"https:\/\/regalaunninot.com\/es\/#\/schema\/person\/34e3f4d4b1f91424f7f33f1da91085ad","name":"Regala Un Ninot","image":{"@type":"ImageObject","inLanguage":"es","@id":"https:\/\/regalaunninot.com\/es\/#\/schema\/person\/image\/","url":"https:\/\/secure.gravatar.com\/avatar\/7a3441565a64465c32a8394c1f665a2f5323f86cb08086912f0c96be89e832c3?s=96&d=mm&r=g","contentUrl":"https:\/\/secure.gravatar.com\/avatar\/7a3441565a64465c32a8394c1f665a2f5323f86cb08086912f0c96be89e832c3?s=96&d=mm&r=g","caption":"Regala Un Ninot"}}]}},"_links":{"self":[{"href":"https:\/\/regalaunninot.com\/es\/wp-json\/wp\/v2\/posts\/9030","targetHints":{"allow":["GET"]}}],"collection":[{"href":"https:\/\/regalaunninot.com\/es\/wp-json\/wp\/v2\/posts"}],"about":[{"href":"https:\/\/regalaunninot.com\/es\/wp-json\/wp\/v2\/types\/post"}],"author":[{"embeddable":true,"href":"https:\/\/regalaunninot.com\/es\/wp-json\/wp\/v2\/users\/4"}],"replies":[{"embeddable":true,"href":"https:\/\/regalaunninot.com\/es\/wp-json\/wp\/v2\/comments?post=9030"}],"version-history":[{"count":4,"href":"https:\/\/regalaunninot.com\/es\/wp-json\/wp\/v2\/posts\/9030\/revisions"}],"predecessor-version":[{"id":9425,"href":"https:\/\/regalaunninot.com\/es\/wp-json\/wp\/v2\/posts\/9030\/revisions\/9425"}],"wp:featuredmedia":[{"embeddable":true,"href":"https:\/\/regalaunninot.com\/es\/wp-json\/wp\/v2\/media\/9034"}],"wp:attachment":[{"href":"https:\/\/regalaunninot.com\/es\/wp-json\/wp\/v2\/media?parent=9030"}],"wp:term":[{"taxonomy":"category","embeddable":true,"href":"https:\/\/regalaunninot.com\/es\/wp-json\/wp\/v2\/categories?post=9030"},{"taxonomy":"post_tag","embeddable":true,"href":"https:\/\/regalaunninot.com\/es\/wp-json\/wp\/v2\/tags?post=9030"}],"curies":[{"name":"wp","href":"https:\/\/api.w.org\/{rel}","templated":true}]}}