{"id":9469,"date":"2024-01-27T13:04:14","date_gmt":"2024-01-27T12:04:14","guid":{"rendered":"https:\/\/regalaunninot.com\/?p=9469"},"modified":"2024-01-29T12:32:07","modified_gmt":"2024-01-29T11:32:07","slug":"fallera-mayor-infantil-valencia-ninot-personalizado-regalo","status":"publish","type":"post","link":"https:\/\/regalaunninot.com\/es\/fallera-mayor-infantil-valencia-ninot-personalizado-regalo\/","title":{"rendered":"Regalan un ninot personalizado a la Fallera Mayor Infantil de Valencia 2024"},"content":{"rendered":"\n<p><strong>Ser Fallera Mayor Infantil de Valencia es un honor, un hito que solo se vive una vez en la vida<\/strong>. Para cualquier fallera es un regalo de por s\u00ed ser nombrada Fallera Mayor de Valencia. Es una experiencia \u00fanica que se recuerda toda la vida. Un momento especial, muy bonito por todo lo que implica y el esfuerzo que ha habido detr\u00e1s hasta llegar a ser nombrada.&nbsp;<\/p>\n\n\n\n<p><\/p>\n\n\n<div class=\"wp-block-image\">\n<figure class=\"aligncenter size-large is-resized\"><img loading=\"lazy\" decoding=\"async\" src=\"https:\/\/regalaunninot.com\/wp-content\/uploads\/2024\/01\/WhatsApp-Image-2024-01-27-at-12.56.11-1-1024x1024.jpeg\" alt=\"\" class=\"wp-image-9478\" width=\"661\" height=\"661\"\/><\/figure>\n<\/div>\n\n\n<p><\/p>\n\n\n\n<p><strong>Este 2024, Marina Garc\u00eda Arribas, fallera de la Falla Manuel de Falla-Tamarindos, del sector de Campanar, va a vivir la inolvidable experiencia de ser la Fallera Mayor Infantil de Valencia<\/strong>. Para llegar hasta este momento ha pasado por una preselecci\u00f3n. Tambi\u00e9n, ha estar entre las 13 falleras que conforman la Corte de Honor, y recibir la llamada telef\u00f3nica del pasado mes de octubre. La llamada gracias a la cual se le indicaba que ser\u00eda la pr\u00f3xima representante infantil de la fiesta.<\/p>\n\n\n\n<p><strong>Este s\u00e1bado 26 de Enero toma posesi\u00f3n de la banda que la acredita como Fallera Mayor Infantil de Valencia de las Fallas 2024<\/strong>. Acto en el que su mantenedora, Hortensia Roig, presidenta de EDEM, le dedica unas palabras de orgullo. Pero, este discurso o las canastillas de flores enviadas como homenaje no han sido el \u00fanico regalo que ha recibido.&nbsp;<\/p>\n\n\n\n<h2 class=\"wp-block-heading\" id=\"h-el-regalo-tan-especial-que-ha-recibido-la-fallera-mayor-infantil-de-valencia\">El regalo tan especial que ha recibido la Fallera Mayor Infantil de Valencia<\/h2>\n\n\n\n<p>El<strong> <a href=\"https:\/\/cnsosbetera.com\/\">Club de Socorrismo y Salvamento de B\u00e9tera<\/a>, <\/strong>al cual pertenece Marina<strong>, <\/strong>le ha regalado un ninot personalizado para que tenga presente este momento a lo largo de su vida. No todos los d\u00edas se llega a ser <strong>Fallera Mayor Infantil de Valencia<\/strong>. Por lo que su club ha decido darle un regalo \u00fanico para la ocasi\u00f3n lleno de sentimiento. Un detalle que han querido tener con Marina para celebrar junto a ella que va a cumplir uno de sus sue\u00f1os como fallera.&nbsp;<\/p>\n\n\n\n<p><strong>El dise\u00f1o del ninot es totalmente personalizado<\/strong>. Es una reproducci\u00f3n de Marina peinada de fallera, con el ba\u00f1ador de su club que lleva el escudo, y el detalle de los zapatos de fallera en color ciruela como uno de sus trajes. Adem\u00e1s, este ninot se posa sobre una base que simula que est\u00e1 al borde de la piscina. <strong>Marina aparte de ser Fallera Mayor Infantil de Valencia tambi\u00e9n es una integrante de este club a quien le apasiona la piscina<\/strong>.&nbsp;<\/p>\n\n\n\n<figure class=\"wp-block-image size-large\"><img loading=\"lazy\" decoding=\"async\" width=\"1024\" height=\"1024\" src=\"https:\/\/regalaunninot.com\/wp-content\/uploads\/2024\/01\/insta1_fmiv_ninot_personalizado-1-1024x1024.jpg\" alt=\" fallera-mayor-infantil-valencia-ninot-personalizado-regalo\" class=\"wp-image-9472\"\/><\/figure>\n\n\n\n<p>Dentro de unos a\u00f1os, cuando los actos como representante del mundo fallero infantil hayan terminado, y <strong>Marina quiera recordar su etapa como Fallera Mayor Infantil de Valencia solo tendr\u00e1 que mirar este ninot creado por <\/strong><a href=\"http:\/\/artistasfalleros.com\"><strong>artistas falleros<\/strong><\/a> y en concreto el gran <a href=\"https:\/\/regalaunninot.com\/es\/artista\/sergio-sanchez\/\">Sergio S\u00e1nchez<\/a>. Es un regalo muy especial, y no s\u00f3lo por el hecho de ser un ninot personalizado. Tambi\u00e9n por la ocasi\u00f3n y el detalle que ha tenido su club. Es algo \u00fanico, personal, creativo y duradero que decorar\u00e1 su habitaci\u00f3n.&nbsp;<\/p>\n\n\n\n<h2 class=\"wp-block-heading\" id=\"h-un-ninot-personalizado-es-un-regalo-que-llega-al-corazon\">Un ninot personalizado es un regalo que llega al coraz\u00f3n<\/h2>\n\n\n\n<p>Las palabras de su familia, los abrazos de las dem\u00e1s falleras que conforman la corte, el discurso de su mantenedora Hortensia Roig, las flores recibidas son detalles sentimentales, pero el ninot es un regalo especial. <strong>Abrir la caja y descubrir en su interior un ninot personalizado tuyo record\u00e1ndote que vas a ser Fallera Mayor Infantil de Valencia es una sensaci\u00f3n y experiencia conmovedora<\/strong>.&nbsp;<\/p>\n\n\n\n<p>Todo que est\u00e1 viviendo Marina es m\u00e1gico. <strong>Su exaltaci\u00f3n en el Palau de la M\u00fasica como Fallera Mayor Infantil de Valencia y la colocaci\u00f3n de la banda, es un momento que recordar\u00e1 siempre<\/strong>. Y, recibir este ninot personalizado por parte de su segunda familia, como es su club de Salvamento&nbsp; Socorrismo de B\u00e9tera, ha sido el broche de oro a este d\u00eda. Ha sido la guinda del pastel este regalo, al simbolizar sus dos pasiones: las Fallas, que este a\u00f1o las va a vivir a lo grande, y el deporte que le encanta.&nbsp;<\/p>\n\n\n\n<p>En ocasiones especiales, un regalo \u00fanico es un detalle m\u00e1gico para entregarle a esa persona. <strong>Un ninot personalizado es un obsequio con un mensaje muy personal detr\u00e1s<\/strong>. Muestra c\u00f3mo conoces a la persona y cu\u00e1nto la quieres al preocuparte de hacerle un regalo irrepetible. Adem\u00e1s, en Regala Un Ninot creamos figuras pensadas para todas las ocasiones con la opci\u00f3n de realizar un <a href=\"https:\/\/regalaunninot.com\/es\/hacer-un-encargo\/\">ninot totalmente personalizado<\/a>.<\/p>\n","protected":false},"excerpt":{"rendered":"<p>Ser Fallera Mayor Infantil de Valencia es un honor, un hito que solo se vive una vez en la vida. Para cualquier fallera es un regalo de por s\u00ed ser nombrada Fallera Mayor de Valencia. Es una experiencia \u00fanica que se recuerda toda la vida. Un momento especial, muy bonito por todo lo que implica [&hellip;]<\/p>\n","protected":false},"author":7,"featured_media":9478,"comment_status":"closed","ping_status":"closed","sticky":false,"template":"","format":"standard","meta":{"footnotes":""},"categories":[313],"tags":[1140,1672,853,865],"class_list":["post-9469","post","type-post","status-publish","format-standard","has-post-thumbnail","hentry","category-noticias-de-regala-un-ninot","tag-artistas-falleros-es","tag-fallera-mayor-infantil-de-valencia","tag-regala-un-ninot-es","tag-valencia-es"],"acf":[],"yoast_head":"<!-- This site is optimized with the Yoast SEO Premium plugin v19.3 (Yoast SEO v26.5) - https:\/\/yoast.com\/wordpress\/plugins\/seo\/ -->\n<title>Un ninot personalizado a la Fallera Mayor Infantil de Valencia 2024<\/title>\n<meta name=\"description\" content=\"Ser Fallera Mayor Infantil de Valencia es un honor, para que se acuerde su club de S.O.S de B\u00e9tera le ha regalado un ninot personalizado.\" \/>\n<meta name=\"robots\" content=\"index, follow, max-snippet:-1, max-image-preview:large, max-video-preview:-1\" \/>\n<link rel=\"canonical\" href=\"https:\/\/regalaunninot.com\/es\/fallera-mayor-infantil-valencia-ninot-personalizado-regalo\/\" \/>\n<meta property=\"og:locale\" content=\"es_ES\" \/>\n<meta property=\"og:type\" content=\"article\" \/>\n<meta property=\"og:title\" content=\"Regalan un ninot personalizado a la Fallera Mayor Infantil de Valencia 2024\" \/>\n<meta property=\"og:description\" content=\"Ser Fallera Mayor Infantil de Valencia es un honor, para que se acuerde su club de S.O.S de B\u00e9tera le ha regalado un ninot personalizado.\" \/>\n<meta property=\"og:url\" content=\"https:\/\/regalaunninot.com\/es\/fallera-mayor-infantil-valencia-ninot-personalizado-regalo\/\" \/>\n<meta property=\"og:site_name\" content=\"\ud83c\udf81 Regala Un Ninot \u200d\ud83c\udfa8\" \/>\n<meta property=\"article:published_time\" content=\"2024-01-27T12:04:14+00:00\" \/>\n<meta property=\"article:modified_time\" content=\"2024-01-29T11:32:07+00:00\" \/>\n<meta property=\"og:image\" content=\"https:\/\/regalaunninot.com\/wp-content\/uploads\/2024\/01\/WhatsApp-Image-2024-01-27-at-12.56.11-1.jpeg\" \/>\n\t<meta property=\"og:image:width\" content=\"1080\" \/>\n\t<meta property=\"og:image:height\" content=\"1080\" \/>\n\t<meta property=\"og:image:type\" content=\"image\/jpeg\" \/>\n<meta name=\"author\" content=\"Leonor Guarnizo\" \/>\n<meta name=\"twitter:card\" content=\"summary_large_image\" \/>\n<meta name=\"twitter:label1\" content=\"Escrito por\" \/>\n\t<meta name=\"twitter:data1\" content=\"Leonor Guarnizo\" \/>\n\t<meta name=\"twitter:label2\" content=\"Tiempo de lectura\" \/>\n\t<meta name=\"twitter:data2\" content=\"4 minutos\" \/>\n<script type=\"application\/ld+json\" class=\"yoast-schema-graph\">{\"@context\":\"https:\/\/schema.org\",\"@graph\":[{\"@type\":\"Article\",\"@id\":\"https:\/\/regalaunninot.com\/es\/fallera-mayor-infantil-valencia-ninot-personalizado-regalo\/#article\",\"isPartOf\":{\"@id\":\"https:\/\/regalaunninot.com\/es\/fallera-mayor-infantil-valencia-ninot-personalizado-regalo\/\"},\"author\":{\"name\":\"Leonor Guarnizo\",\"@id\":\"https:\/\/regalaunninot.com\/es\/#\/schema\/person\/a075a4abc609442ae3a26b7236f10a85\"},\"headline\":\"Regalan un ninot personalizado a la Fallera Mayor Infantil de Valencia 2024\",\"datePublished\":\"2024-01-27T12:04:14+00:00\",\"dateModified\":\"2024-01-29T11:32:07+00:00\",\"mainEntityOfPage\":{\"@id\":\"https:\/\/regalaunninot.com\/es\/fallera-mayor-infantil-valencia-ninot-personalizado-regalo\/\"},\"wordCount\":754,\"publisher\":{\"@id\":\"https:\/\/regalaunninot.com\/es\/#organization\"},\"image\":{\"@id\":\"https:\/\/regalaunninot.com\/es\/fallera-mayor-infantil-valencia-ninot-personalizado-regalo\/#primaryimage\"},\"thumbnailUrl\":\"https:\/\/regalaunninot.com\/wp-content\/uploads\/2024\/01\/WhatsApp-Image-2024-01-27-at-12.56.11-1.jpeg\",\"keywords\":[\"artistas falleros\",\"fallera mayor infantil de valencia\",\"regala un ninot\",\"valencia\"],\"articleSection\":[\"Noticias de regala un ninot\"],\"inLanguage\":\"es\"},{\"@type\":\"WebPage\",\"@id\":\"https:\/\/regalaunninot.com\/es\/fallera-mayor-infantil-valencia-ninot-personalizado-regalo\/\",\"url\":\"https:\/\/regalaunninot.com\/es\/fallera-mayor-infantil-valencia-ninot-personalizado-regalo\/\",\"name\":\"Un ninot personalizado a la Fallera Mayor Infantil de Valencia 2024\",\"isPartOf\":{\"@id\":\"https:\/\/regalaunninot.com\/es\/#website\"},\"primaryImageOfPage\":{\"@id\":\"https:\/\/regalaunninot.com\/es\/fallera-mayor-infantil-valencia-ninot-personalizado-regalo\/#primaryimage\"},\"image\":{\"@id\":\"https:\/\/regalaunninot.com\/es\/fallera-mayor-infantil-valencia-ninot-personalizado-regalo\/#primaryimage\"},\"thumbnailUrl\":\"https:\/\/regalaunninot.com\/wp-content\/uploads\/2024\/01\/WhatsApp-Image-2024-01-27-at-12.56.11-1.jpeg\",\"datePublished\":\"2024-01-27T12:04:14+00:00\",\"dateModified\":\"2024-01-29T11:32:07+00:00\",\"description\":\"Ser Fallera Mayor Infantil de Valencia es un honor, para que se acuerde su club de S.O.S de B\u00e9tera le ha regalado un ninot personalizado.\",\"breadcrumb\":{\"@id\":\"https:\/\/regalaunninot.com\/es\/fallera-mayor-infantil-valencia-ninot-personalizado-regalo\/#breadcrumb\"},\"inLanguage\":\"es\",\"potentialAction\":[{\"@type\":\"ReadAction\",\"target\":[\"https:\/\/regalaunninot.com\/es\/fallera-mayor-infantil-valencia-ninot-personalizado-regalo\/\"]}]},{\"@type\":\"ImageObject\",\"inLanguage\":\"es\",\"@id\":\"https:\/\/regalaunninot.com\/es\/fallera-mayor-infantil-valencia-ninot-personalizado-regalo\/#primaryimage\",\"url\":\"https:\/\/regalaunninot.com\/wp-content\/uploads\/2024\/01\/WhatsApp-Image-2024-01-27-at-12.56.11-1.jpeg\",\"contentUrl\":\"https:\/\/regalaunninot.com\/wp-content\/uploads\/2024\/01\/WhatsApp-Image-2024-01-27-at-12.56.11-1.jpeg\",\"width\":1080,\"height\":1080},{\"@type\":\"BreadcrumbList\",\"@id\":\"https:\/\/regalaunninot.com\/es\/fallera-mayor-infantil-valencia-ninot-personalizado-regalo\/#breadcrumb\",\"itemListElement\":[{\"@type\":\"ListItem\",\"position\":1,\"name\":\"Inici\",\"item\":\"https:\/\/regalaunninot.com\/es\/\"},{\"@type\":\"ListItem\",\"position\":2,\"name\":\"Regalan un ninot personalizado a la Fallera Mayor Infantil de Valencia 2024\"}]},{\"@type\":\"WebSite\",\"@id\":\"https:\/\/regalaunninot.com\/es\/#website\",\"url\":\"https:\/\/regalaunninot.com\/es\/\",\"name\":\"\ud83c\udf81 Regala Un Ninot \u200d\ud83c\udfa8\",\"description\":\"Regala la creatividad de nuestros artistas falleros y foguereros\",\"publisher\":{\"@id\":\"https:\/\/regalaunninot.com\/es\/#organization\"},\"potentialAction\":[{\"@type\":\"SearchAction\",\"target\":{\"@type\":\"EntryPoint\",\"urlTemplate\":\"https:\/\/regalaunninot.com\/es\/?s={search_term_string}\"},\"query-input\":{\"@type\":\"PropertyValueSpecification\",\"valueRequired\":true,\"valueName\":\"search_term_string\"}}],\"inLanguage\":\"es\"},{\"@type\":\"Organization\",\"@id\":\"https:\/\/regalaunninot.com\/es\/#organization\",\"name\":\"Regala Un Ninot\",\"url\":\"https:\/\/regalaunninot.com\/es\/\",\"logo\":{\"@type\":\"ImageObject\",\"inLanguage\":\"es\",\"@id\":\"https:\/\/regalaunninot.com\/es\/#\/schema\/logo\/image\/\",\"url\":\"https:\/\/regalaunninot.com\/wp-content\/uploads\/2020\/12\/logo-regala-un-ninot-h.png\",\"contentUrl\":\"https:\/\/regalaunninot.com\/wp-content\/uploads\/2020\/12\/logo-regala-un-ninot-h.png\",\"width\":1787,\"height\":705,\"caption\":\"Regala Un Ninot\"},\"image\":{\"@id\":\"https:\/\/regalaunninot.com\/es\/#\/schema\/logo\/image\/\"}},{\"@type\":\"Person\",\"@id\":\"https:\/\/regalaunninot.com\/es\/#\/schema\/person\/a075a4abc609442ae3a26b7236f10a85\",\"name\":\"Leonor Guarnizo\",\"image\":{\"@type\":\"ImageObject\",\"inLanguage\":\"es\",\"@id\":\"https:\/\/regalaunninot.com\/es\/#\/schema\/person\/image\/\",\"url\":\"https:\/\/secure.gravatar.com\/avatar\/53554051042a5a3603a010ce4f91f6391161f04e13f4415ceef45f79c20ec3ad?s=96&d=mm&r=g\",\"contentUrl\":\"https:\/\/secure.gravatar.com\/avatar\/53554051042a5a3603a010ce4f91f6391161f04e13f4415ceef45f79c20ec3ad?s=96&d=mm&r=g\",\"caption\":\"Leonor Guarnizo\"}}]}<\/script>\n<!-- \/ Yoast SEO Premium plugin. -->","yoast_head_json":{"title":"Un ninot personalizado a la Fallera Mayor Infantil de Valencia 2024","description":"Ser Fallera Mayor Infantil de Valencia es un honor, para que se acuerde su club de S.O.S de B\u00e9tera le ha regalado un ninot personalizado.","robots":{"index":"index","follow":"follow","max-snippet":"max-snippet:-1","max-image-preview":"max-image-preview:large","max-video-preview":"max-video-preview:-1"},"canonical":"https:\/\/regalaunninot.com\/es\/fallera-mayor-infantil-valencia-ninot-personalizado-regalo\/","og_locale":"es_ES","og_type":"article","og_title":"Regalan un ninot personalizado a la Fallera Mayor Infantil de Valencia 2024","og_description":"Ser Fallera Mayor Infantil de Valencia es un honor, para que se acuerde su club de S.O.S de B\u00e9tera le ha regalado un ninot personalizado.","og_url":"https:\/\/regalaunninot.com\/es\/fallera-mayor-infantil-valencia-ninot-personalizado-regalo\/","og_site_name":"\ud83c\udf81 Regala Un Ninot \u200d\ud83c\udfa8","article_published_time":"2024-01-27T12:04:14+00:00","article_modified_time":"2024-01-29T11:32:07+00:00","og_image":[{"width":1080,"height":1080,"url":"https:\/\/regalaunninot.com\/wp-content\/uploads\/2024\/01\/WhatsApp-Image-2024-01-27-at-12.56.11-1.jpeg","type":"image\/jpeg"}],"author":"Leonor Guarnizo","twitter_card":"summary_large_image","twitter_misc":{"Escrito por":"Leonor Guarnizo","Tiempo de lectura":"4 minutos"},"schema":{"@context":"https:\/\/schema.org","@graph":[{"@type":"Article","@id":"https:\/\/regalaunninot.com\/es\/fallera-mayor-infantil-valencia-ninot-personalizado-regalo\/#article","isPartOf":{"@id":"https:\/\/regalaunninot.com\/es\/fallera-mayor-infantil-valencia-ninot-personalizado-regalo\/"},"author":{"name":"Leonor Guarnizo","@id":"https:\/\/regalaunninot.com\/es\/#\/schema\/person\/a075a4abc609442ae3a26b7236f10a85"},"headline":"Regalan un ninot personalizado a la Fallera Mayor Infantil de Valencia 2024","datePublished":"2024-01-27T12:04:14+00:00","dateModified":"2024-01-29T11:32:07+00:00","mainEntityOfPage":{"@id":"https:\/\/regalaunninot.com\/es\/fallera-mayor-infantil-valencia-ninot-personalizado-regalo\/"},"wordCount":754,"publisher":{"@id":"https:\/\/regalaunninot.com\/es\/#organization"},"image":{"@id":"https:\/\/regalaunninot.com\/es\/fallera-mayor-infantil-valencia-ninot-personalizado-regalo\/#primaryimage"},"thumbnailUrl":"https:\/\/regalaunninot.com\/wp-content\/uploads\/2024\/01\/WhatsApp-Image-2024-01-27-at-12.56.11-1.jpeg","keywords":["artistas falleros","fallera mayor infantil de valencia","regala un ninot","valencia"],"articleSection":["Noticias de regala un ninot"],"inLanguage":"es"},{"@type":"WebPage","@id":"https:\/\/regalaunninot.com\/es\/fallera-mayor-infantil-valencia-ninot-personalizado-regalo\/","url":"https:\/\/regalaunninot.com\/es\/fallera-mayor-infantil-valencia-ninot-personalizado-regalo\/","name":"Un ninot personalizado a la Fallera Mayor Infantil de Valencia 2024","isPartOf":{"@id":"https:\/\/regalaunninot.com\/es\/#website"},"primaryImageOfPage":{"@id":"https:\/\/regalaunninot.com\/es\/fallera-mayor-infantil-valencia-ninot-personalizado-regalo\/#primaryimage"},"image":{"@id":"https:\/\/regalaunninot.com\/es\/fallera-mayor-infantil-valencia-ninot-personalizado-regalo\/#primaryimage"},"thumbnailUrl":"https:\/\/regalaunninot.com\/wp-content\/uploads\/2024\/01\/WhatsApp-Image-2024-01-27-at-12.56.11-1.jpeg","datePublished":"2024-01-27T12:04:14+00:00","dateModified":"2024-01-29T11:32:07+00:00","description":"Ser Fallera Mayor Infantil de Valencia es un honor, para que se acuerde su club de S.O.S de B\u00e9tera le ha regalado un ninot personalizado.","breadcrumb":{"@id":"https:\/\/regalaunninot.com\/es\/fallera-mayor-infantil-valencia-ninot-personalizado-regalo\/#breadcrumb"},"inLanguage":"es","potentialAction":[{"@type":"ReadAction","target":["https:\/\/regalaunninot.com\/es\/fallera-mayor-infantil-valencia-ninot-personalizado-regalo\/"]}]},{"@type":"ImageObject","inLanguage":"es","@id":"https:\/\/regalaunninot.com\/es\/fallera-mayor-infantil-valencia-ninot-personalizado-regalo\/#primaryimage","url":"https:\/\/regalaunninot.com\/wp-content\/uploads\/2024\/01\/WhatsApp-Image-2024-01-27-at-12.56.11-1.jpeg","contentUrl":"https:\/\/regalaunninot.com\/wp-content\/uploads\/2024\/01\/WhatsApp-Image-2024-01-27-at-12.56.11-1.jpeg","width":1080,"height":1080},{"@type":"BreadcrumbList","@id":"https:\/\/regalaunninot.com\/es\/fallera-mayor-infantil-valencia-ninot-personalizado-regalo\/#breadcrumb","itemListElement":[{"@type":"ListItem","position":1,"name":"Inici","item":"https:\/\/regalaunninot.com\/es\/"},{"@type":"ListItem","position":2,"name":"Regalan un ninot personalizado a la Fallera Mayor Infantil de Valencia 2024"}]},{"@type":"WebSite","@id":"https:\/\/regalaunninot.com\/es\/#website","url":"https:\/\/regalaunninot.com\/es\/","name":"\ud83c\udf81 Regala Un Ninot \u200d\ud83c\udfa8","description":"Regala la creatividad de nuestros artistas falleros y foguereros","publisher":{"@id":"https:\/\/regalaunninot.com\/es\/#organization"},"potentialAction":[{"@type":"SearchAction","target":{"@type":"EntryPoint","urlTemplate":"https:\/\/regalaunninot.com\/es\/?s={search_term_string}"},"query-input":{"@type":"PropertyValueSpecification","valueRequired":true,"valueName":"search_term_string"}}],"inLanguage":"es"},{"@type":"Organization","@id":"https:\/\/regalaunninot.com\/es\/#organization","name":"Regala Un Ninot","url":"https:\/\/regalaunninot.com\/es\/","logo":{"@type":"ImageObject","inLanguage":"es","@id":"https:\/\/regalaunninot.com\/es\/#\/schema\/logo\/image\/","url":"https:\/\/regalaunninot.com\/wp-content\/uploads\/2020\/12\/logo-regala-un-ninot-h.png","contentUrl":"https:\/\/regalaunninot.com\/wp-content\/uploads\/2020\/12\/logo-regala-un-ninot-h.png","width":1787,"height":705,"caption":"Regala Un Ninot"},"image":{"@id":"https:\/\/regalaunninot.com\/es\/#\/schema\/logo\/image\/"}},{"@type":"Person","@id":"https:\/\/regalaunninot.com\/es\/#\/schema\/person\/a075a4abc609442ae3a26b7236f10a85","name":"Leonor Guarnizo","image":{"@type":"ImageObject","inLanguage":"es","@id":"https:\/\/regalaunninot.com\/es\/#\/schema\/person\/image\/","url":"https:\/\/secure.gravatar.com\/avatar\/53554051042a5a3603a010ce4f91f6391161f04e13f4415ceef45f79c20ec3ad?s=96&d=mm&r=g","contentUrl":"https:\/\/secure.gravatar.com\/avatar\/53554051042a5a3603a010ce4f91f6391161f04e13f4415ceef45f79c20ec3ad?s=96&d=mm&r=g","caption":"Leonor Guarnizo"}}]}},"_links":{"self":[{"href":"https:\/\/regalaunninot.com\/es\/wp-json\/wp\/v2\/posts\/9469","targetHints":{"allow":["GET"]}}],"collection":[{"href":"https:\/\/regalaunninot.com\/es\/wp-json\/wp\/v2\/posts"}],"about":[{"href":"https:\/\/regalaunninot.com\/es\/wp-json\/wp\/v2\/types\/post"}],"author":[{"embeddable":true,"href":"https:\/\/regalaunninot.com\/es\/wp-json\/wp\/v2\/users\/7"}],"replies":[{"embeddable":true,"href":"https:\/\/regalaunninot.com\/es\/wp-json\/wp\/v2\/comments?post=9469"}],"version-history":[{"count":3,"href":"https:\/\/regalaunninot.com\/es\/wp-json\/wp\/v2\/posts\/9469\/revisions"}],"predecessor-version":[{"id":9481,"href":"https:\/\/regalaunninot.com\/es\/wp-json\/wp\/v2\/posts\/9469\/revisions\/9481"}],"wp:featuredmedia":[{"embeddable":true,"href":"https:\/\/regalaunninot.com\/es\/wp-json\/wp\/v2\/media\/9478"}],"wp:attachment":[{"href":"https:\/\/regalaunninot.com\/es\/wp-json\/wp\/v2\/media?parent=9469"}],"wp:term":[{"taxonomy":"category","embeddable":true,"href":"https:\/\/regalaunninot.com\/es\/wp-json\/wp\/v2\/categories?post=9469"},{"taxonomy":"post_tag","embeddable":true,"href":"https:\/\/regalaunninot.com\/es\/wp-json\/wp\/v2\/tags?post=9469"}],"curies":[{"name":"wp","href":"https:\/\/api.w.org\/{rel}","templated":true}]}}